{"id":16121,"date":"2026-02-07T10:43:00","date_gmt":"2026-02-07T13:43:00","guid":{"rendered":"https:\/\/diariodepernambuco.audiencelabs.com.br\/?p=16121"},"modified":"2026-02-07T09:27:23","modified_gmt":"2026-02-07T12:27:23","slug":"erro-de-portugues-que-muitos-cometem-pode-te-prejudicar-no-trabalho","status":"publish","type":"post","link":"https:\/\/diariodepernambuco.audiencelabs.com.br\/erro-de-portugues-que-muitos-cometem-pode-te-prejudicar-no-trabalho\/","title":{"rendered":"Erro de portugu\u00eas que muitos cometem pode te prejudicar no trabalho"},"content":{"rendered":"\n<p>Em e-mails profissionais, mensagens corporativas e at\u00e9 em comunica\u00e7\u00f5es formais no WhatsApp, um erro de portugu\u00eas bastante comum pode comprometer a imagem de quem escreve: o uso incorreto da palavra \u201canexo\u201d. Apesar de parecer um detalhe, deslizes gramaticais em ambientes de trabalho costumam ser interpretados como falta de aten\u00e7\u00e3o ou desconhecimento da norma culta.<\/p>\n\n\n\n<p>A palavra \u201canexo\u201d funciona como adjetivo e, por isso, deve concordar em g\u00eanero e n\u00famero com o substantivo a que se refere. O correto \u00e9 dizer \u201csegue o documento anexo\u201d, \u201cseguem os arquivos anexos\u201d ou \u201cenvio as planilhas anexas\u201d. Express\u00f5es como \u201csegue em anexo os documentos\u201d est\u00e3o erradas, pois o termo n\u00e3o pode ser usado de forma invari\u00e1vel.<\/p>\n\n\n\n<p>Outro ponto importante \u00e9 evitar o uso de \u201cem anexo\u201d como se fosse uma locu\u00e7\u00e3o fixa. O mais adequado \u00e9 empregar o termo concordando corretamente ou substitu\u00ed-lo por constru\u00e7\u00f5es como \u201csegue anexo o relat\u00f3rio\u201d ou \u201cencaminho, em anexo, o contrato\u201d, quando houver necessidade de clareza no texto.<\/p>\n\n\n\n<p>No ambiente profissional, escrever corretamente vai al\u00e9m de uma quest\u00e3o lingu\u00edstica: \u00e9 tamb\u00e9m uma forma de demonstrar cuidado, organiza\u00e7\u00e3o e profissionalismo. Aten\u00e7\u00e3o a pequenos detalhes, como o uso adequado da palavra \u201canexo\u201d, pode fazer diferen\u00e7a na forma como colegas, clientes e superiores percebem sua comunica\u00e7\u00e3o.<\/p>\n\n\n\n<h2 class=\"wp-block-heading\">Como usar \u201canexo\u201d corretamente em e-mails profissionais<\/h2>\n\n\n\n<p>No dia a dia do trabalho, o mais importante \u00e9 lembrar que \u201canexo\u201d precisa concordar com o que est\u00e1 sendo enviado. Se for um arquivo, use \u201canexo\u201d; se forem v\u00e1rios documentos, o correto \u00e9 \u201canexos\u201d. O mesmo vale para o feminino: \u201cc\u00f3pia anexa\u201d ou \u201cplanilhas anexas\u201d, por exemplo. Essa aten\u00e7\u00e3o evita erros comuns e deixa a mensagem mais clara e profissional.<\/p>\n\n\n\n<p>Quando houver d\u00favida, uma boa alternativa \u00e9 reformular a frase. Em vez de arriscar uma concord\u00e2ncia incorreta, express\u00f5es como \u201cencaminho os documentos\u201d ou \u201csegue o arquivo\u201d ajudam a manter a comunica\u00e7\u00e3o objetiva e sem deslizes gramaticais, especialmente em mensagens formais ou destinadas a clientes e gestores.<\/p>\n\n\n\n<p><\/p>\n","protected":false},"excerpt":{"rendered":"<p>Em e-mails profissionais, mensagens corporativas e at\u00e9 em comunica\u00e7\u00f5es formais no WhatsApp, um erro de portugu\u00eas bastante comum pode comprometer a imagem de quem escreve: o uso incorreto da palavra \u201canexo\u201d. Apesar de parecer um detalhe, deslizes gramaticais em ambientes de trabalho costumam ser interpretados como falta de aten\u00e7\u00e3o ou desconhecimento da norma culta. A [&hellip;]<\/p>\n","protected":false},"author":4,"featured_media":16124,"comment_status":"open","ping_status":"open","sticky":false,"template":"","format":"standard","meta":{"jnews-multi-image_gallery":[],"jnews_single_post":{"format":"standard"},"jnews_primary_category":[],"jnews_social_meta":[],"jnews_post_split":[],"footnotes":""},"categories":[1],"tags":[],"class_list":["post-16121","post","type-post","status-publish","format-standard","has-post-thumbnail","hentry","category-uncategorized"],"_links":{"self":[{"href":"https:\/\/diariodepernambuco.audiencelabs.com.br\/wp-json\/wp\/v2\/posts\/16121","targetHints":{"allow":["GET"]}}],"collection":[{"href":"https:\/\/diariodepernambuco.audiencelabs.com.br\/wp-json\/wp\/v2\/posts"}],"about":[{"href":"https:\/\/diariodepernambuco.audiencelabs.com.br\/wp-json\/wp\/v2\/types\/post"}],"author":[{"embeddable":true,"href":"https:\/\/diariodepernambuco.audiencelabs.com.br\/wp-json\/wp\/v2\/users\/4"}],"replies":[{"embeddable":true,"href":"https:\/\/diariodepernambuco.audiencelabs.com.br\/wp-json\/wp\/v2\/comments?post=16121"}],"version-history":[{"count":3,"href":"https:\/\/diariodepernambuco.audiencelabs.com.br\/wp-json\/wp\/v2\/posts\/16121\/revisions"}],"predecessor-version":[{"id":16126,"href":"https:\/\/diariodepernambuco.audiencelabs.com.br\/wp-json\/wp\/v2\/posts\/16121\/revisions\/16126"}],"wp:featuredmedia":[{"embeddable":true,"href":"https:\/\/diariodepernambuco.audiencelabs.com.br\/wp-json\/wp\/v2\/media\/16124"}],"wp:attachment":[{"href":"https:\/\/diariodepernambuco.audiencelabs.com.br\/wp-json\/wp\/v2\/media?parent=16121"}],"wp:term":[{"taxonomy":"category","embeddable":true,"href":"https:\/\/diariodepernambuco.audiencelabs.com.br\/wp-json\/wp\/v2\/categories?post=16121"},{"taxonomy":"post_tag","embeddable":true,"href":"https:\/\/diariodepernambuco.audiencelabs.com.br\/wp-json\/wp\/v2\/tags?post=16121"}],"curies":[{"name":"wp","href":"https:\/\/api.w.org\/{rel}","templated":true}]}}