{"id":16370,"date":"2026-02-06T09:05:00","date_gmt":"2026-02-06T12:05:00","guid":{"rendered":"https:\/\/diariodepernambuco.audiencelabs.com.br\/?p=16370"},"modified":"2026-02-05T10:07:48","modified_gmt":"2026-02-05T13:07:48","slug":"defesa-de-oruam-bate-o-martelo-sobre-a-prisao-do-cantor","status":"publish","type":"post","link":"https:\/\/diariodepernambuco.audiencelabs.com.br\/defesa-de-oruam-bate-o-martelo-sobre-a-prisao-do-cantor\/","title":{"rendered":"Defesa de Oruam bate o martelo sobre a pris\u00e3o do cantor"},"content":{"rendered":"\n<p>A pol\u00edcia do Rio de Janeiro iniciou o terceiro dia de buscas pelo rapper Mauro Davi Nepomuceno, conhecido como Oruam, que passou a ser considerado foragido ap\u00f3s a Justi\u00e7a fluminense decretar sua pris\u00e3o. Em contato com a TV Bandeirantes, a defesa informou que o artista n\u00e3o pretende se apresentar espontaneamente \u00e0s autoridades.<\/p>\n\n\n\n<p>A nova ordem de pris\u00e3o foi expedida na ter\u00e7a-feira pela ju\u00edza Tula Corr\u00eaa de Mello, ap\u00f3s o Superior Tribunal de Justi\u00e7a (STJ) revogar o habeas corpus que havia sido concedido anteriormente ao cantor. Agentes da Pol\u00edcia Civil estiveram em sua resid\u00eancia, localizada na Freguesia, em Jacarepagu\u00e1, na zona sudoeste do Rio, mas ele n\u00e3o foi localizado.<\/p>\n\n\n\n<p>A revoga\u00e7\u00e3o do habeas corpus ocorreu devido ao suposto \u201cdescumprimento reiterado\u201d das medidas cautelares, especialmente em rela\u00e7\u00e3o ao monitoramento eletr\u00f4nico, j\u00e1 que a tornozeleira teria sido desligada 28 vezes em apenas 45 dias. Ap\u00f3s a decis\u00e3o do Superior Tribunal de Justi\u00e7a (STJ) de derrubar o HC, o Tribunal de Justi\u00e7a do Rio de Janeiro decretou a pris\u00e3o do cantor.<\/p>\n\n\n\n<p>A defesa do rapper solicitou a concess\u00e3o de pris\u00e3o domiciliar em car\u00e1ter humanit\u00e1rio, alegando a exist\u00eancia de \u201ccomorbidades pulmonares\u201d. Os advogados tamb\u00e9m sustentaram que n\u00e3o houve desligamento proposital da tornozeleira eletr\u00f4nica, afirmando que o equipamento apresentava falhas t\u00e9cnicas frequentes, como problemas no carregamento da bateria e interrup\u00e7\u00f5es de sinal.<\/p>\n\n\n\n<h2 class=\"wp-block-heading\">Oruam grava v\u00eddeo e afirma que tornozeleira apresentava falhas<\/h2>\n\n\n\n<p>Em um v\u00eddeo divulgado nas redes sociais na ter\u00e7a-feira (3), o rapper Mauro Davi Nepomuceno, conhecido como Oruam, declarou que a tornozeleira eletr\u00f4nica apresentava problemas t\u00e9cnicos. Nas imagens, o artista mostra v\u00e1rias tentativas de carregar o equipamento, alegando que nenhuma delas teve sucesso.<\/p>\n\n\n\n<p>Na grava\u00e7\u00e3o, intitulada \u201ca verdade\u201d, ele afirma que o dispositivo estaria desligado por falhas no carregamento. Segundo os autos do processo, o cantor acumulou ao menos 28 interrup\u00e7\u00f5es de sinal em um per\u00edodo de 43 dias, supostamente por falta de carga na tornozeleira. Os registros indicam ainda que a maioria dessas ocorr\u00eancias aconteceu durante a noite e em fins de semana.<\/p>\n\n\n\n<p><\/p>\n","protected":false},"excerpt":{"rendered":"<p>A pol\u00edcia do Rio de Janeiro iniciou o terceiro dia de buscas pelo rapper Mauro Davi Nepomuceno, conhecido como Oruam, que passou a ser considerado foragido ap\u00f3s a Justi\u00e7a fluminense decretar sua pris\u00e3o. Em contato com a TV Bandeirantes, a defesa informou que o artista n\u00e3o pretende se apresentar espontaneamente \u00e0s autoridades. A nova ordem [&hellip;]<\/p>\n","protected":false},"author":4,"featured_media":16315,"comment_status":"open","ping_status":"open","sticky":false,"template":"","format":"standard","meta":{"jnews-multi-image_gallery":[],"jnews_single_post":{"format":"standard"},"jnews_primary_category":[],"jnews_social_meta":[],"jnews_post_split":[],"footnotes":""},"categories":[1],"tags":[],"class_list":["post-16370","post","type-post","status-publish","format-standard","has-post-thumbnail","hentry","category-uncategorized"],"_links":{"self":[{"href":"https:\/\/diariodepernambuco.audiencelabs.com.br\/wp-json\/wp\/v2\/posts\/16370","targetHints":{"allow":["GET"]}}],"collection":[{"href":"https:\/\/diariodepernambuco.audiencelabs.com.br\/wp-json\/wp\/v2\/posts"}],"about":[{"href":"https:\/\/diariodepernambuco.audiencelabs.com.br\/wp-json\/wp\/v2\/types\/post"}],"author":[{"embeddable":true,"href":"https:\/\/diariodepernambuco.audiencelabs.com.br\/wp-json\/wp\/v2\/users\/4"}],"replies":[{"embeddable":true,"href":"https:\/\/diariodepernambuco.audiencelabs.com.br\/wp-json\/wp\/v2\/comments?post=16370"}],"version-history":[{"count":2,"href":"https:\/\/diariodepernambuco.audiencelabs.com.br\/wp-json\/wp\/v2\/posts\/16370\/revisions"}],"predecessor-version":[{"id":16374,"href":"https:\/\/diariodepernambuco.audiencelabs.com.br\/wp-json\/wp\/v2\/posts\/16370\/revisions\/16374"}],"wp:featuredmedia":[{"embeddable":true,"href":"https:\/\/diariodepernambuco.audiencelabs.com.br\/wp-json\/wp\/v2\/media\/16315"}],"wp:attachment":[{"href":"https:\/\/diariodepernambuco.audiencelabs.com.br\/wp-json\/wp\/v2\/media?parent=16370"}],"wp:term":[{"taxonomy":"category","embeddable":true,"href":"https:\/\/diariodepernambuco.audiencelabs.com.br\/wp-json\/wp\/v2\/categories?post=16370"},{"taxonomy":"post_tag","embeddable":true,"href":"https:\/\/diariodepernambuco.audiencelabs.com.br\/wp-json\/wp\/v2\/tags?post=16370"}],"curies":[{"name":"wp","href":"https:\/\/api.w.org\/{rel}","templated":true}]}}