{"id":16497,"date":"2026-02-06T08:03:00","date_gmt":"2026-02-06T11:03:00","guid":{"rendered":"https:\/\/diariodepernambuco.audiencelabs.com.br\/?p=16497"},"modified":"2026-02-06T11:27:30","modified_gmt":"2026-02-06T14:27:30","slug":"tite-chega-ao-fim-do-ciclo-com-cruzeiro-apos-derrota-para-o-coritiba","status":"publish","type":"post","link":"https:\/\/diariodepernambuco.audiencelabs.com.br\/tite-chega-ao-fim-do-ciclo-com-cruzeiro-apos-derrota-para-o-coritiba\/","title":{"rendered":"Tite chega ao fim do ciclo com Cruzeiro ap\u00f3s derrota para o Coritiba"},"content":{"rendered":"\n<p>Contratado para o lugar do portugu\u00eas Leonardo Jardim, que levou o Cruzeiro at\u00e9 a terceira coloca\u00e7\u00e3o no Brasileir\u00e3o de 2025, o t\u00e9cnico Tite v\u00ea a press\u00e3o aumentar em seu in\u00edcio de trabalho na Toca da Raposa. E tudo piorou com o fim de um jejum hist\u00f3rico: o clube mineiro n\u00e3o era superado pelo Coritiba atuando em casa desde 2004.<\/p>\n\n\n\n<p>Tudo mudou na noite desta quinta-feira (5) em duelo v\u00e1lido pela 2\u00aa rodada do Campeonato Brasileiro. Mesmo contando com o apoio de sua torcida no Mineir\u00e3o e saindo na frente do placar, com um gol marcado por Matheus Pereira aos 19 minutos, o Cruzeiro viu o rival virar o placar com gols de Lavega e Breno Lopes.<\/p>\n\n\n\n<p>Sem conseguir reagir, o time esgotou a paci\u00eancia da torcida. Vaias dominaram o est\u00e1dio, com foco especial no lateral William. Ao final da partida, pedidos pela sa\u00edda de Tite e xingamentos marcaram o clima tenso do p\u00f3s-jogo. Em entrevista, Tite confirmou que se reuniu com Pedro Louren\u00e7o, propriet\u00e1rio do clube, e aproveitou para fazer cobran\u00e7as ao elenco.<\/p>\n\n\n\n<h2 class=\"wp-block-heading\">Cruzeiro em sequ\u00eancia complicada<\/h2>\n\n\n<style>@media (min-width: 992px) {\n    .recomendadorV2Area1 {\n        width: 280px;\n    }\n    .recomendadorV2Area2 {\n        padding: 0px 20px;\n        width: calc(100% - 280px);\n    }\n}\n\n@media (max-width: 992px) {\n    .recomendadorV2Button {\n        margin: 0 auto;\n    }\n    .recomendadorV2Area {\n        flex-direction: column;\n        text-align: center;\n    }\n    .recomendadorV2Area2 {\n        padding: 0px 20px;\n    }\n}\n\n.recomendadorV2Area {\n    background: #eeeeee3d;\n    border-radius: 10px;\n    padding: 15px;\n    display: flex;\n    margin: 15px auto;\n    border: 1px solid #00000014;\n    max-width: 800px;\n}\n\n.recomendadorV2Area1 img {\n    width: 280px;\n    height: auto;\n    border-radius: 8px;\n}\n\n.linkrecomendadorv2 {\n    text-decoration: none !important;\n}\n\n.recomendadorV2Area2 .recomendadorV2Type {\n    text-transform: uppercase;\n    font-weight: 500;\n    font-size: 11px;\n    letter-spacing: 2px;\n    color: #666;\n    margin: 12px 0;\n    display: block;\n}\n\n.recomendadorV2Title h2 {\n    padding-top: 0px !important;\n    margin: 0px !important;\n    border-left: none !important;\n    padding-left: 0px !important;\n    line-height: 1.3;\n    color: #000 !important;\n    font-size: 24px;\n    margin-bottom: 12px !important;\n}\n\n.recomendadorV2Desc {\n    color: #333;\n    margin: 12px 0px !important;\n    font-size: 15px;\n    line-height: 1.5;\n}\n\n.recomendadorV2Button {\n    width: auto;\n    max-width: 200px;\n    margin: 0;\n    display: inline-flex;\n    align-items: center;\n    background: #1D3557;\n    border-radius: 8px;\n    color: #fff;\n    height: 36px;\n    justify-content: center;\n    text-align: center;\n    font-size: 14px;\n    padding: 0 20px;\n    transition: background-color 0.2s ease;\n}\n\n.recomendadorV2Button:hover {\n    background: #2a4d7a;\n}\n\n.recomendadorV2Button:after {\n    margin-top: -2px;\n    content: \"\u2192\";\n    padding: 0px 0px 0px 8px;\n}\n\n.recomendadorV2Alert {\n    text-align: left;\n    font-size: 11px;\n    margin-top: 8px;\n    color: #666;\n}\n\n.recomendadorFixedArea {\n    width: 100%;\n    display: flex;\n    justify-content: center;\n    align-items: center;\n}\n\n@media (min-width: 992px) {\n    #recomendadorFixed {\n        width: 32% !important;\n        left: 5%;\n    }\n    .recomendadorCloseFixed{\n        right: inherit !important;\n        left: 378px !important;\n    }\n}\n\n#recomendadorFixed {\n    width: 90%;\n    box-shadow: 0 10px 20px 0px #00000057;\n    display: none;\n    height: 90px;\n    background: #F6F6F6;\n    position: fixed;\n    flex-direction: row;\n    bottom: 10px;\n    z-index: 9999;\n    border-radius: 16px;\n    padding: 7px 10px;\n}\n\n.recomendadorLeftArea {\n    width: 160px;\n}\n\n.recomendadorRightArea h2 {\n    padding-top: 0px;\n    margin: 2px 0px 4px 0px !important;\n    font-weight: 400;\n    text-align: center;\n    padding-left: 0px !important;\n    color: #000 !important;\n    border-left: none !important;\n    line-height: 20px;\n    font-size: 12px !important;\n}\n\n.recomendadorImgFixed {\n    overflow: hidden;\n    padding: 8px 6px;\n    height: 100%;\n}\n\n.recomendadorImgFixed img {\n    height: 100% !important;\n    border-radius: 16px;\n}\n\n.recomendadorRightArea {\n    padding-top: 6px;\n    display: flex;\n    width: calc(100% - 130px);\n    justify-content: space-between;\n    align-items: center;\n    flex-direction: column;\n}\n\n.recomendadorButtonFixed {\n    margin: 0 auto;\n    background: #1D3557;\n    width: 80%;\n    text-align: center;\n    font-size: 10px;\n    color: #FFF;\n    padding: 2px 10px;\n    border-radius: 3px;\n}\n\n.recomendadorButtonFixed:after {\n    margin-top: -3px;\n    content: \"\u2192\";\n    padding: 0px 0px 0px 10px;\n}\n\n.recomendadorAlertFixed {\n    font-weight: 400;\n    text-align: center;\n    color: #484848;\n    font-size: 8px;\n}\n\n.recomendadorCloseFixed {\n    z-index: 99999;\n    display: none;\n    right: 0px;\n    left: inherit;\n    bottom: 99px;\n    position: fixed;\n    justify-content: center;\n    background: #F6F6F6;\n    width: 25px;\n    align-items: center;\n    height: 25px;\n    font-weight: 800;\n    border-radius: 50%;\n    border: 1px solid #EBEBEB;\n}\n\n.recomendadorV2Desc{\n    color: #000000;\n    margin: 20px 0px;\n}\n\n@media (max-width: 576px) {\n    .recomendadorV2Area {\n      padding: 10px;\n      max-width: 100%;\n    }\n  \n    .recomendadorV2Area1 img {\n      width: 100%;\n      border-radius: 6px;\n    }\n  \n    .recomendadorV2Area2 .recomendadorV2Type {\n      font-size: 9px;\n      letter-spacing: 1px;\n      margin: 8px 0;\n    }\n  \n    .recomendadorV2Title h2 {\n      font-size: 18px !important;\n      margin-bottom: 8px !important;\n      line-height: 1.2;\n    }\n  \n    .recomendadorV2Desc {\n      font-size: 14px;\n      margin: 8px 0 !important;\n      line-height: 1.4;\n    }\n  \n    .recomendadorV2Button {\n      font-size: 12px;\n      height: 30px;\n      padding: 0 12px;\n      max-width: 160px;\n    }\n  \n    .recomendadorV2Button:after {\n      padding-left: 6px;\n    }\n  }\n  <\/style>\n        <div class=\"lazyblock-recomendador-v2-2jDGz wp-block-lazyblock-recomendador-v2\">\n        <a class=\"linkrecomendadorv2\" href=\"https:\/\/diariodepernambuco.com.br\/dpmais\/estados-unidos-se-prepara-para-invasao-japonesa-com-avioes-no-mes-de-junho\/?utm_source=lazy\" target=\"_blank\" rel=\"noopener\">\n            <div class=\"recomendadorV2Area\">\n            <div class=\"recomendadorV2Area1\">\n                <div class=\"recomendadorV2Img\">\n                <img class=\"lazyloaded\" decoding=\"async\" src=\"https:\/\/diariodepernambuco.com.br\/dpmais\/wp-content\/uploads\/2026\/02\/Aeroporto-1140x570.jpg\" data-src=\"https:\/\/diariodepernambuco.com.br\/dpmais\/wp-content\/uploads\/2026\/02\/Aeroporto-1140x570.jpg\" alt=\"\">\n                <\/div>\n            <\/div>\n            <div class=\"recomendadorV2Area2\">\n                <div class=\"recomendadorV2Type\">\n                    <span>Expectativa global<\/span>\n                <\/div>\n                <div class=\"recomendadorV2Title\">\n                <h2><span>EUA se preparam para invas\u00e3o japonesa \u2708\ufe0f<\/span><\/h2>\n                <\/div>\n                <div class=\"recomendadorV2Desc\">\n                <span>Pa\u00eds mobiliza avi\u00f5es para poss\u00edvel a\u00e7\u00e3o em junho<\/span>\n                <\/div>\n                <div class=\"recomendadorV2Button\">Veja o motivo<\/div>\n                <div class=\"recomendadorV2Alert\"><\/div>\n            <\/div>\n            <\/div>\n        <\/a>\n        <div>\n            <div style=\"z-index:99999;\" id=\"buttonClose\" onclick=\"closeRecomendadorFixed()\">\n            <div class=\"recomendadorCloseFixed\">X<\/div>\n            <\/div>\n            <a href=\"https:\/\/diariodepernambuco.com.br\/dpmais\/estados-unidos-se-prepara-para-invasao-japonesa-com-avioes-no-mes-de-junho\/?utm_source=lazy\" target=\"_blank\" rel=\"noopener\">\n            <div class=\"recomendadorFixedArea\">\n                <div id=\"recomendadorFixed\">\n                <div class=\"recomendadorLeftArea\">\n                    <div class=\"recomendadorImgFixed\">\n                    <img class=\"lazyload\" decoding=\"async\" src=\"https:\/\/diariodepernambuco.com.br\/dpmais\/wp-content\/uploads\/2026\/02\/Aeroporto-1140x570.jpg\" alt=\"\">\n                    <\/div>\n                <\/div>\n                <div class=\"recomendadorRightArea\">\n                    <div class=\"recomendadorTitleFixed\">\n                    <h2><span>EUA se preparam para invas\u00e3o japonesa \u2708\ufe0f<\/span><\/h2>\n                    <\/div>\n                    <div class=\"recomendadorButtonFixed\">Veja o motivo<\/div>\n                    <div class=\"recomendadorAlertFixed\"><\/div>\n                <\/div>\n                <\/div>\n            <\/div>\n            <\/a>\n        <\/div>\n        <\/div>\n\n\n\n<p>O Cruzeiro de Tite ainda n\u00e3o conseguiu manter uma sequ\u00eancia de boas atua\u00e7\u00f5es por mais de dois jogos. Apesar da goleada de 5 a 0 sobre o Uberl\u00e2ndia, pelo Campeonato Mineiro, nenhuma outra partida chamou aten\u00e7\u00e3o da mesma forma. At\u00e9 aqui s\u00e3o oito jogos, com apenas tr\u00eas vit\u00f3rias e incr\u00edveis cinco derrotas, duas delas pelo Brasileir\u00e3o.<\/p>\n\n\n\n<h2 class=\"wp-block-heading\">Confira os jogos da 2\u00aa rodada do Brasileir\u00e3o<\/h2>\n\n\n\n<ul class=\"wp-block-list\">\n<li>04\/02, 19h00 &#8211; Flamengo 1 x 1 Internacional &#8211; Maracan\u00e3\/RJ<\/li>\n\n\n\n<li>04\/02, 19h00 &#8211; RB Bragantino 1 x 0 Atl\u00e9tico-MG &#8211; C\u00edcero de Souza Marques\/SP<\/li>\n\n\n\n<li>04\/02, 20h00 &#8211; Santos 1 x 1 S\u00e3o Paulo &#8211; Vila Belmiro\/SP<\/li>\n\n\n\n<li>04\/02, 20h00 &#8211; Remo 2 x 2 Mirassol &#8211; Mangueir\u00e3o\/PA<\/li>\n\n\n\n<li>04\/02, 21h30 &#8211; Palmeiras 5 x 1 Vit\u00f3ria &#8211; Arena Barueri\/SP<\/li>\n\n\n\n<li>04\/02, 21h30 &#8211; Gr\u00eamio 5 x 3 Botafogo &#8211; Arena do Gr\u00eamio\/RS<\/li>\n\n\n\n<li>05\/02, 19h00 &#8211; Bahia 1 x 1 Fluminense &#8211; Arena Fonte Nova\/BA<\/li>\n\n\n\n<li>05\/02, 20h00 &#8211; Vasco 1 x 1 Chapecoense &#8211; S\u00e3o Janu\u00e1rio\/RJ<\/li>\n\n\n\n<li>05\/02, 21h30 &#8211; Cruzeiro 1 x 2 Coritiba &#8211; Mineir\u00e3o\/MG<\/li>\n\n\n\n<li>19\/02, 19h30 &#8211; Athletico-PR x Corinthians &#8211; Arena da Baixada\/PR<\/li>\n<\/ul>\n\n\n\n<p><\/p>\n","protected":false},"excerpt":{"rendered":"<p>Contratado para o lugar do portugu\u00eas Leonardo Jardim, que levou o Cruzeiro at\u00e9 a terceira coloca\u00e7\u00e3o no Brasileir\u00e3o de 2025, o t\u00e9cnico Tite v\u00ea a press\u00e3o aumentar em seu in\u00edcio de trabalho na Toca da Raposa. E tudo piorou com o fim de um jejum hist\u00f3rico: o clube mineiro n\u00e3o era superado pelo Coritiba atuando [&hellip;]<\/p>\n","protected":false},"author":4,"featured_media":16499,"comment_status":"open","ping_status":"open","sticky":false,"template":"","format":"standard","meta":{"jnews-multi-image_gallery":[],"jnews_single_post":{"format":"standard"},"jnews_primary_category":[],"jnews_social_meta":[],"jnews_post_split":[],"footnotes":""},"categories":[1],"tags":[],"class_list":["post-16497","post","type-post","status-publish","format-standard","has-post-thumbnail","hentry","category-uncategorized"],"_links":{"self":[{"href":"https:\/\/diariodepernambuco.audiencelabs.com.br\/wp-json\/wp\/v2\/posts\/16497","targetHints":{"allow":["GET"]}}],"collection":[{"href":"https:\/\/diariodepernambuco.audiencelabs.com.br\/wp-json\/wp\/v2\/posts"}],"about":[{"href":"https:\/\/diariodepernambuco.audiencelabs.com.br\/wp-json\/wp\/v2\/types\/post"}],"author":[{"embeddable":true,"href":"https:\/\/diariodepernambuco.audiencelabs.com.br\/wp-json\/wp\/v2\/users\/4"}],"replies":[{"embeddable":true,"href":"https:\/\/diariodepernambuco.audiencelabs.com.br\/wp-json\/wp\/v2\/comments?post=16497"}],"version-history":[{"count":5,"href":"https:\/\/diariodepernambuco.audiencelabs.com.br\/wp-json\/wp\/v2\/posts\/16497\/revisions"}],"predecessor-version":[{"id":16591,"href":"https:\/\/diariodepernambuco.audiencelabs.com.br\/wp-json\/wp\/v2\/posts\/16497\/revisions\/16591"}],"wp:featuredmedia":[{"embeddable":true,"href":"https:\/\/diariodepernambuco.audiencelabs.com.br\/wp-json\/wp\/v2\/media\/16499"}],"wp:attachment":[{"href":"https:\/\/diariodepernambuco.audiencelabs.com.br\/wp-json\/wp\/v2\/media?parent=16497"}],"wp:term":[{"taxonomy":"category","embeddable":true,"href":"https:\/\/diariodepernambuco.audiencelabs.com.br\/wp-json\/wp\/v2\/categories?post=16497"},{"taxonomy":"post_tag","embeddable":true,"href":"https:\/\/diariodepernambuco.audiencelabs.com.br\/wp-json\/wp\/v2\/tags?post=16497"}],"curies":[{"name":"wp","href":"https:\/\/api.w.org\/{rel}","templated":true}]}}