{"id":16510,"date":"2026-02-06T09:01:36","date_gmt":"2026-02-06T12:01:36","guid":{"rendered":"https:\/\/diariodepernambuco.audiencelabs.com.br\/?p=16510"},"modified":"2026-02-06T14:08:35","modified_gmt":"2026-02-06T17:08:35","slug":"mansao-de-r-140-milhoes-e-a-unica-na-beira-do-mar-e-pertence-ao-dono-da-havan","status":"publish","type":"post","link":"https:\/\/diariodepernambuco.audiencelabs.com.br\/mansao-de-r-140-milhoes-e-a-unica-na-beira-do-mar-e-pertence-ao-dono-da-havan\/","title":{"rendered":"Mans\u00e3o de R$ 140 milh\u00f5es \u00e9 a \u00fanica na beira do mar e pertence ao dono da Havan"},"content":{"rendered":"\n<p>O empres\u00e1rio Luciano Hang, fundador e propriet\u00e1rio da rede varejista Havan, adquiriu uma mans\u00e3o avaliada em R$ 140 milh\u00f5es em Balne\u00e1rio Cambori\u00fa, no litoral norte de Santa Catarina.<\/p>\n\n\n\n<p>Com o compra, Hang se tornou o \u00fanico dono da resid\u00eancia localizada diretamente \u00e0 beira-mar na Avenida Atl\u00e2ntica, a via mais conhecida da cidade. Essa era a \u00faltima casa dispon\u00edvel na orla central, regi\u00e3o que concentra o metro quadrado mais caro do Brasil.<\/p>\n\n\n\n<p>O im\u00f3vel est\u00e1 situado em um terreno de 1.415 metros quadrados, com vista privilegiada para o mar, e pertencia a uma fam\u00edlia tradicional ligada \u00e0 atividade pesqueira.<\/p>\n\n\n\n<h2 class=\"wp-block-heading\">Endere\u00e7o mais valorizado da cidade<\/h2>\n\n\n\n<p>Ao longo dos \u00faltimos anos, a Avenida Atl\u00e2ntica passou por um intenso processo de verticaliza\u00e7\u00e3o, se tornando sin\u00f4nimo de luxo e exclusividade. Pr\u00e9dios ic\u00f4nicos passaram a dominar a orla, como o Yachthouse by Pininfarina, um dos mais altos da Am\u00e9rica Latina, localizado nas proximidades da mans\u00e3o adquirida por Hang.<\/p>\n\n\n\n<p>Com a compra, o empres\u00e1rio passa a ocupar uma posi\u00e7\u00e3o no mercado imobili\u00e1rio local: a de \u00fanico morador de uma casa \u00e0 beira-mar na principal praia da cidade.<\/p>\n\n\n\n<h2 class=\"wp-block-heading\">Fortuna bilion\u00e1ria e investimentos<\/h2>\n\n\n\n<p>Luciano Hang construiu uma das maiores fortunas do pa\u00eds \u00e0 frente da Havan, rede fundada em Santa Catarina e conhecida nacionalmente por suas megalojas com fachadas inspiradas na Est\u00e1tua da Liberdade. A empresa conta com centenas de unidades espalhadas pelo pa\u00eds e se consolidou como uma das l\u00edderes no setor.<\/p>\n\n\n\n<p>Com patrim\u00f4nio estimado em bilh\u00f5es de reais, Hang aparece com frequ\u00eancia em rankings de grandes empres\u00e1rios brasileiros. A aquisi\u00e7\u00e3o da mans\u00e3o refor\u00e7a seu perfil de investidor de alto padr\u00e3o, unindo poder econ\u00f4mico, visibilidade p\u00fablica e influ\u00eancia no cen\u00e1rio empresarial do pa\u00eds.<\/p>\n","protected":false},"excerpt":{"rendered":"<p>O empres\u00e1rio Luciano Hang, fundador e propriet\u00e1rio da rede varejista Havan, adquiriu uma mans\u00e3o avaliada em R$ 140 milh\u00f5es em Balne\u00e1rio Cambori\u00fa, no litoral norte de Santa Catarina. Com o compra, Hang se tornou o \u00fanico dono da resid\u00eancia localizada diretamente \u00e0 beira-mar na Avenida Atl\u00e2ntica, a via mais conhecida da cidade. Essa era a [&hellip;]<\/p>\n","protected":false},"author":17,"featured_media":16511,"comment_status":"open","ping_status":"open","sticky":false,"template":"","format":"standard","meta":{"jnews-multi-image_gallery":[],"jnews_single_post":{"format":"standard"},"jnews_primary_category":[],"jnews_social_meta":[],"jnews_post_split":[],"footnotes":""},"categories":[1],"tags":[],"class_list":["post-16510","post","type-post","status-publish","format-standard","has-post-thumbnail","hentry","category-uncategorized"],"_links":{"self":[{"href":"https:\/\/diariodepernambuco.audiencelabs.com.br\/wp-json\/wp\/v2\/posts\/16510","targetHints":{"allow":["GET"]}}],"collection":[{"href":"https:\/\/diariodepernambuco.audiencelabs.com.br\/wp-json\/wp\/v2\/posts"}],"about":[{"href":"https:\/\/diariodepernambuco.audiencelabs.com.br\/wp-json\/wp\/v2\/types\/post"}],"author":[{"embeddable":true,"href":"https:\/\/diariodepernambuco.audiencelabs.com.br\/wp-json\/wp\/v2\/users\/17"}],"replies":[{"embeddable":true,"href":"https:\/\/diariodepernambuco.audiencelabs.com.br\/wp-json\/wp\/v2\/comments?post=16510"}],"version-history":[{"count":3,"href":"https:\/\/diariodepernambuco.audiencelabs.com.br\/wp-json\/wp\/v2\/posts\/16510\/revisions"}],"predecessor-version":[{"id":16518,"href":"https:\/\/diariodepernambuco.audiencelabs.com.br\/wp-json\/wp\/v2\/posts\/16510\/revisions\/16518"}],"wp:featuredmedia":[{"embeddable":true,"href":"https:\/\/diariodepernambuco.audiencelabs.com.br\/wp-json\/wp\/v2\/media\/16511"}],"wp:attachment":[{"href":"https:\/\/diariodepernambuco.audiencelabs.com.br\/wp-json\/wp\/v2\/media?parent=16510"}],"wp:term":[{"taxonomy":"category","embeddable":true,"href":"https:\/\/diariodepernambuco.audiencelabs.com.br\/wp-json\/wp\/v2\/categories?post=16510"},{"taxonomy":"post_tag","embeddable":true,"href":"https:\/\/diariodepernambuco.audiencelabs.com.br\/wp-json\/wp\/v2\/tags?post=16510"}],"curies":[{"name":"wp","href":"https:\/\/api.w.org\/{rel}","templated":true}]}}