{"id":16514,"date":"2026-02-06T09:26:55","date_gmt":"2026-02-06T12:26:55","guid":{"rendered":"https:\/\/diariodepernambuco.audiencelabs.com.br\/?p=16514"},"modified":"2026-02-06T10:27:28","modified_gmt":"2026-02-06T13:27:28","slug":"lei-sobre-heranca-de-pai-para-filho-foi-alterada-no-brasil-em-relacao-ao-pagamento-de-imposto-de-renda","status":"publish","type":"post","link":"https:\/\/diariodepernambuco.audiencelabs.com.br\/lei-sobre-heranca-de-pai-para-filho-foi-alterada-no-brasil-em-relacao-ao-pagamento-de-imposto-de-renda\/","title":{"rendered":"Lei sobre heran\u00e7a de pai para filho foi alterada no Brasil em rela\u00e7\u00e3o ao pagamento de Imposto de Renda"},"content":{"rendered":"\n<p>Planejar a sucess\u00e3o patrimonial ainda em vida tem se tornado uma estrat\u00e9gia adotada por fam\u00edlias que buscam reduzir conflitos e evitar longos processos judiciais.<\/p>\n\n\n\n<p>Nesse contexto, a doa\u00e7\u00e3o de im\u00f3veis de pai para filho surge como uma alternativa para antecipar a heran\u00e7a, desde que seja feita de acordo com os procedimentos formais previstos na legisla\u00e7\u00e3o brasileira.<\/p>\n\n\n\n<p>A lei autoriza a doa\u00e7\u00e3o de bens im\u00f3veis por meio de escritura p\u00fablica formalizada em cart\u00f3rio. Para que a transfer\u00eancia tenha validade jur\u00eddica, o documento tamb\u00e9m deve ser registrado no Cart\u00f3rio de Registro de Im\u00f3veis.<\/p>\n\n\n\n<p>Ap\u00f3s essa etapa, o bem deixa de integrar o patrim\u00f4nio do doador e n\u00e3o ser\u00e1 inclu\u00eddo no invent\u00e1rio ap\u00f3s o falecimento, o que pode representar a redu\u00e7\u00e3o de custos, prazos e disputa entre herdeiros.<\/p>\n\n\n\n<h2 class=\"wp-block-heading\">Heran\u00e7a: Mudan\u00e7a na lei do Imposto de Renda<\/h2>\n\n\n\n<p>Uma das principais d\u00favidas envolvendo a doa\u00e7\u00e3o de bens em vida \u00e9 a tributa\u00e7\u00e3o federal. Esse ponto foi esclarecido com a Lei n\u00ba 15.270, de 26 de novembro de 2025, que alterou a legisla\u00e7\u00e3o do Imposto de Renda da Pessoa F\u00edsica (IRPF).<\/p>\n\n\n\n<p>A norma passou a excluir da base de c\u00e1lculo do IR os valores recebidos por doa\u00e7\u00e3o, inclusive quando caracterizados como adiantamento de heran\u00e7a.<\/p>\n\n\n\n<p>Na pr\u00e1tica, isso significa que a doa\u00e7\u00e3o de im\u00f3vel n\u00e3o gera Imposto de Renda quando o bem \u00e9 transferido pelo mesmo valor de aquisi\u00e7\u00e3o declarado \u00e0 Receita Federal, j\u00e1 que n\u00e3o h\u00e1 ganho de capital.<\/p>\n\n\n\n<p>Para quem recebe o im\u00f3vel, o valor tamb\u00e9m n\u00e3o \u00e9 tratado como renda tribut\u00e1vel, mas deve ser informado na declara\u00e7\u00e3o anual como rendimento isento ou n\u00e3o tribut\u00e1vel.<\/p>\n\n\n\n<p>\u00c9 importante lembra que, caso o doador optar por atualizar o valor do im\u00f3vel para o pre\u00e7o de mercado no momento da doa\u00e7\u00e3o, poder\u00e1 haver cobran\u00e7a de Imposto de Renda sobre o ganho de capital.<\/p>\n\n\n\n<h2 class=\"wp-block-heading\">ITCMD e cuidados legais<\/h2>\n\n\n\n<p>Apesar da isen\u00e7\u00e3o do IR, a doa\u00e7\u00e3o de im\u00f3veis continua sujeita ao ITCMD, imposto estadual que incide sobre heran\u00e7as e doa\u00e7\u00f5es, com al\u00edquotas que variam conforme o estado, geralmente entre 2% e 8%.<\/p>\n\n\n\n<p>Al\u00e9m disso, \u00e9 poss\u00edvel incluir cl\u00e1usulas como usufruto, inalienabilidade ou revers\u00e3o na escritura, garantindo maior seguran\u00e7a ao doador. Por envolver impactos legais e fiscais, a doa\u00e7\u00e3o em vida deve ser planejada com orienta\u00e7\u00e3o profissional, evitando riscos e garantindo os benef\u00edcios da antecipa\u00e7\u00e3o da heran\u00e7a.<\/p>\n\n\n\n<p><\/p>\n","protected":false},"excerpt":{"rendered":"<p>Planejar a sucess\u00e3o patrimonial ainda em vida tem se tornado uma estrat\u00e9gia adotada por fam\u00edlias que buscam reduzir conflitos e evitar longos processos judiciais. Nesse contexto, a doa\u00e7\u00e3o de im\u00f3veis de pai para filho surge como uma alternativa para antecipar a heran\u00e7a, desde que seja feita de acordo com os procedimentos formais previstos na legisla\u00e7\u00e3o [&hellip;]<\/p>\n","protected":false},"author":17,"featured_media":16520,"comment_status":"open","ping_status":"open","sticky":false,"template":"","format":"standard","meta":{"jnews-multi-image_gallery":[],"jnews_single_post":{"format":"standard"},"jnews_primary_category":[],"jnews_social_meta":[],"jnews_post_split":[],"footnotes":""},"categories":[1],"tags":[],"class_list":["post-16514","post","type-post","status-publish","format-standard","has-post-thumbnail","hentry","category-uncategorized"],"_links":{"self":[{"href":"https:\/\/diariodepernambuco.audiencelabs.com.br\/wp-json\/wp\/v2\/posts\/16514","targetHints":{"allow":["GET"]}}],"collection":[{"href":"https:\/\/diariodepernambuco.audiencelabs.com.br\/wp-json\/wp\/v2\/posts"}],"about":[{"href":"https:\/\/diariodepernambuco.audiencelabs.com.br\/wp-json\/wp\/v2\/types\/post"}],"author":[{"embeddable":true,"href":"https:\/\/diariodepernambuco.audiencelabs.com.br\/wp-json\/wp\/v2\/users\/17"}],"replies":[{"embeddable":true,"href":"https:\/\/diariodepernambuco.audiencelabs.com.br\/wp-json\/wp\/v2\/comments?post=16514"}],"version-history":[{"count":3,"href":"https:\/\/diariodepernambuco.audiencelabs.com.br\/wp-json\/wp\/v2\/posts\/16514\/revisions"}],"predecessor-version":[{"id":16552,"href":"https:\/\/diariodepernambuco.audiencelabs.com.br\/wp-json\/wp\/v2\/posts\/16514\/revisions\/16552"}],"wp:featuredmedia":[{"embeddable":true,"href":"https:\/\/diariodepernambuco.audiencelabs.com.br\/wp-json\/wp\/v2\/media\/16520"}],"wp:attachment":[{"href":"https:\/\/diariodepernambuco.audiencelabs.com.br\/wp-json\/wp\/v2\/media?parent=16514"}],"wp:term":[{"taxonomy":"category","embeddable":true,"href":"https:\/\/diariodepernambuco.audiencelabs.com.br\/wp-json\/wp\/v2\/categories?post=16514"},{"taxonomy":"post_tag","embeddable":true,"href":"https:\/\/diariodepernambuco.audiencelabs.com.br\/wp-json\/wp\/v2\/tags?post=16514"}],"curies":[{"name":"wp","href":"https:\/\/api.w.org\/{rel}","templated":true}]}}