{"id":16567,"date":"2026-02-09T11:04:00","date_gmt":"2026-02-09T14:04:00","guid":{"rendered":"https:\/\/diariodepernambuco.audiencelabs.com.br\/?p=16567"},"modified":"2026-02-06T11:14:02","modified_gmt":"2026-02-06T14:14:02","slug":"arvore-tropical-traz-lindos-frutos-e-cresce-com-facilidade-em-qualquer-quintal","status":"publish","type":"post","link":"https:\/\/diariodepernambuco.audiencelabs.com.br\/arvore-tropical-traz-lindos-frutos-e-cresce-com-facilidade-em-qualquer-quintal\/","title":{"rendered":"\u00c1rvore tropical traz lindos frutos e cresce com facilidade em qualquer quintal"},"content":{"rendered":"\n<p>O tamarindeiro (Tamarindus indica) \u00e9 uma \u00e1rvore tropical conhecida por sua resist\u00eancia, beleza e pela produ\u00e7\u00e3o de frutos saborosos. Origin\u00e1rio da \u00c1frica, ele se adaptou muito bem a regi\u00f5es de clima quente e se espalhou por diversos pa\u00edses, inclusive o Brasil, onde \u00e9 comum em quintais, s\u00edtios e \u00e1reas urbanas. Seu porte imponente e a copa ampla tamb\u00e9m o tornam uma \u00f3tima op\u00e7\u00e3o para sombra.<\/p>\n\n\n\n<p>Al\u00e9m da facilidade de cultivo, o tamarindeiro chama aten\u00e7\u00e3o pelos frutos alongados de casca marrom, que abrigam uma polpa agridoce bastante apreciada. O tamarindo \u00e9 utilizado no preparo de sucos, doces, molhos e at\u00e9 pratos salgados, sendo um ingrediente valorizado tanto na culin\u00e1ria brasileira quanto em cozinhas asi\u00e1ticas e africanas.<\/p>\n\n\n\n<p>O cultivo \u00e9 simples e n\u00e3o exige grandes cuidados. A \u00e1rvore se desenvolve bem em solos variados, prefere sol pleno e apresenta boa toler\u00e2ncia \u00e0 seca ap\u00f3s o per\u00edodo inicial de crescimento. Justamente por essa rusticidade, o tamarindeiro pode ser plantado em quintais amplos sem grandes dificuldades, tornando-se uma alternativa pr\u00e1tica para quem deseja uma \u00e1rvore frut\u00edfera de longa vida.<\/p>\n\n\n\n<p>Outro ponto positivo \u00e9 a durabilidade da esp\u00e9cie. O tamarindeiro pode viver por muitas d\u00e9cadas, mantendo a produ\u00e7\u00e3o de frutos e oferecendo sombra generosa ao longo dos anos. Assim, al\u00e9m de embelezar o ambiente, a \u00e1rvore se transforma em um verdadeiro patrim\u00f4nio natural, passando de gera\u00e7\u00e3o em gera\u00e7\u00e3o como s\u00edmbolo de fartura e tradi\u00e7\u00e3o.<\/p>\n\n\n\n<h2 class=\"wp-block-heading\">Frutos vers\u00e1teis e \u00e1rvore resistente fazem do tamarindeiro uma escolha ideal<\/h2>\n\n\n\n<p>Os frutos do tamarindeiro se destacam n\u00e3o apenas pela apar\u00eancia ex\u00f3tica, mas tamb\u00e9m pelo sabor marcante, que equilibra o doce e o \u00e1cido. Ricos em vitaminas, minerais e antioxidantes, eles s\u00e3o amplamente usados na alimenta\u00e7\u00e3o e tamb\u00e9m na medicina popular, refor\u00e7ando o valor nutricional da esp\u00e9cie.<\/p>\n\n\n\n<p>J\u00e1 a \u00e1rvore em si \u00e9 reconhecida pela resist\u00eancia e baixa manuten\u00e7\u00e3o. Com crescimento vigoroso e adapta\u00e7\u00e3o a diferentes tipos de solo, o tamarindeiro exige poucos cuidados ap\u00f3s o plantio, sendo ideal para quintais espa\u00e7osos, \u00e1reas rurais e at\u00e9 projetos de arboriza\u00e7\u00e3o que buscam esp\u00e9cies dur\u00e1veis e produtivas.<\/p>\n","protected":false},"excerpt":{"rendered":"<p>O tamarindeiro (Tamarindus indica) \u00e9 uma \u00e1rvore tropical conhecida por sua resist\u00eancia, beleza e pela produ\u00e7\u00e3o de frutos saborosos. Origin\u00e1rio da \u00c1frica, ele se adaptou muito bem a regi\u00f5es de clima quente e se espalhou por diversos pa\u00edses, inclusive o Brasil, onde \u00e9 comum em quintais, s\u00edtios e \u00e1reas urbanas. Seu porte imponente e a [&hellip;]<\/p>\n","protected":false},"author":4,"featured_media":16570,"comment_status":"open","ping_status":"open","sticky":false,"template":"","format":"standard","meta":{"jnews-multi-image_gallery":[],"jnews_single_post":{"format":"standard"},"jnews_primary_category":[],"jnews_social_meta":[],"jnews_post_split":[],"footnotes":""},"categories":[1],"tags":[],"class_list":["post-16567","post","type-post","status-publish","format-standard","has-post-thumbnail","hentry","category-uncategorized"],"_links":{"self":[{"href":"https:\/\/diariodepernambuco.audiencelabs.com.br\/wp-json\/wp\/v2\/posts\/16567","targetHints":{"allow":["GET"]}}],"collection":[{"href":"https:\/\/diariodepernambuco.audiencelabs.com.br\/wp-json\/wp\/v2\/posts"}],"about":[{"href":"https:\/\/diariodepernambuco.audiencelabs.com.br\/wp-json\/wp\/v2\/types\/post"}],"author":[{"embeddable":true,"href":"https:\/\/diariodepernambuco.audiencelabs.com.br\/wp-json\/wp\/v2\/users\/4"}],"replies":[{"embeddable":true,"href":"https:\/\/diariodepernambuco.audiencelabs.com.br\/wp-json\/wp\/v2\/comments?post=16567"}],"version-history":[{"count":3,"href":"https:\/\/diariodepernambuco.audiencelabs.com.br\/wp-json\/wp\/v2\/posts\/16567\/revisions"}],"predecessor-version":[{"id":16959,"href":"https:\/\/diariodepernambuco.audiencelabs.com.br\/wp-json\/wp\/v2\/posts\/16567\/revisions\/16959"}],"wp:featuredmedia":[{"embeddable":true,"href":"https:\/\/diariodepernambuco.audiencelabs.com.br\/wp-json\/wp\/v2\/media\/16570"}],"wp:attachment":[{"href":"https:\/\/diariodepernambuco.audiencelabs.com.br\/wp-json\/wp\/v2\/media?parent=16567"}],"wp:term":[{"taxonomy":"category","embeddable":true,"href":"https:\/\/diariodepernambuco.audiencelabs.com.br\/wp-json\/wp\/v2\/categories?post=16567"},{"taxonomy":"post_tag","embeddable":true,"href":"https:\/\/diariodepernambuco.audiencelabs.com.br\/wp-json\/wp\/v2\/tags?post=16567"}],"curies":[{"name":"wp","href":"https:\/\/api.w.org\/{rel}","templated":true}]}}