{"id":16574,"date":"2026-02-09T12:11:00","date_gmt":"2026-02-09T15:11:00","guid":{"rendered":"https:\/\/diariodepernambuco.audiencelabs.com.br\/?p=16574"},"modified":"2026-02-06T11:18:22","modified_gmt":"2026-02-06T14:18:22","slug":"william-bonner-confirma-retorno-no-dia-20-02","status":"publish","type":"post","link":"https:\/\/diariodepernambuco.audiencelabs.com.br\/william-bonner-confirma-retorno-no-dia-20-02\/","title":{"rendered":"William Bonner confirma retorno no dia 20\/02"},"content":{"rendered":"\n<p>William Bonner j\u00e1 tem estreia marcada como apresentador do Globo Rep\u00f3rter, na TV Globo, ao lado de Sandra Annenberg, no dia 20 de fevereiro. Al\u00e9m de comandar o programa, o jornalista tamb\u00e9m ficar\u00e1 respons\u00e1vel por reportagens especiais realizadas no Brasil e fora do pa\u00eds. A primeira delas vai ao ar em 1\u00ba de maio e abordar\u00e1 a necessidade de desacelerar, pausar e at\u00e9 redirecionar os rumos da vida.<\/p>\n\n\n\n<p>A atra\u00e7\u00e3o passa por um processo de renova\u00e7\u00e3o, com linguagem visual mais moderna e uso de recursos tecnol\u00f3gicos avan\u00e7ados. A mudan\u00e7a foi planejada ao longo de cinco anos e atende ao desejo de Bonner de adotar uma rotina semanal, com um ritmo de trabalho menos intenso.<\/p>\n\n\n\n<p>Bonner e Annenberg reunir\u00e3o suas trajet\u00f3rias para abordar temas de relev\u00e2ncia internacional, com foco em quest\u00f5es culturais e sociais. A nova fase do programa ter\u00e1 reportagens produzidas a partir de Nova York, dando o tom dessa estreia e sinalizando a proposta de alcan\u00e7ar um p\u00fablico mais amplo.<\/p>\n\n\n\n<p>O Globo Rep\u00f3rter reformulado aposta em renovar o interesse dos telespectadores ao combinar tradi\u00e7\u00e3o e inova\u00e7\u00e3o. Reconhecido pelo olhar anal\u00edtico, Bonner dever\u00e1 investir em narrativas mais autorais e em reportagens internacionais, como a s\u00e9rie Globo Rep\u00f3rter Personalidades.<\/p>\n\n\n\n<h2 class=\"wp-block-heading\">Despedida do Jornal Nacional marcou o fim de uma era na televis\u00e3o<\/h2>\n\n\n\n<p>A sa\u00edda de William Bonner do Jornal Nacional representou um momento hist\u00f3rico para o jornalismo brasileiro. Ap\u00f3s quase tr\u00eas d\u00e9cadas \u00e0 frente do principal telejornal do pa\u00eds, o apresentador se despediu da bancada que ajudou a consolidar como refer\u00eancia de credibilidade, marcando o encerramento de um ciclo iniciado em 1996.<\/p>\n\n\n\n<p>Durante sua trajet\u00f3ria no JN, Bonner conduziu a cobertura de alguns dos acontecimentos mais importantes do Brasil e do mundo, tornando-se um dos rostos mais conhecidos da TV Globo. A decis\u00e3o de deixar o telejornal foi anunciada como parte de um planejamento pessoal e profissional, abrindo espa\u00e7o para novos desafios e para uma rotina menos intensa.<\/p>\n\n\n\n<p><\/p>\n","protected":false},"excerpt":{"rendered":"<p>William Bonner j\u00e1 tem estreia marcada como apresentador do Globo Rep\u00f3rter, na TV Globo, ao lado de Sandra Annenberg, no dia 20 de fevereiro. Al\u00e9m de comandar o programa, o jornalista tamb\u00e9m ficar\u00e1 respons\u00e1vel por reportagens especiais realizadas no Brasil e fora do pa\u00eds. A primeira delas vai ao ar em 1\u00ba de maio e [&hellip;]<\/p>\n","protected":false},"author":4,"featured_media":2436,"comment_status":"open","ping_status":"open","sticky":false,"template":"","format":"standard","meta":{"jnews-multi-image_gallery":[],"jnews_single_post":{"format":"standard"},"jnews_primary_category":[],"jnews_social_meta":[],"jnews_post_split":[],"footnotes":""},"categories":[1],"tags":[],"class_list":["post-16574","post","type-post","status-publish","format-standard","has-post-thumbnail","hentry","category-uncategorized"],"_links":{"self":[{"href":"https:\/\/diariodepernambuco.audiencelabs.com.br\/wp-json\/wp\/v2\/posts\/16574","targetHints":{"allow":["GET"]}}],"collection":[{"href":"https:\/\/diariodepernambuco.audiencelabs.com.br\/wp-json\/wp\/v2\/posts"}],"about":[{"href":"https:\/\/diariodepernambuco.audiencelabs.com.br\/wp-json\/wp\/v2\/types\/post"}],"author":[{"embeddable":true,"href":"https:\/\/diariodepernambuco.audiencelabs.com.br\/wp-json\/wp\/v2\/users\/4"}],"replies":[{"embeddable":true,"href":"https:\/\/diariodepernambuco.audiencelabs.com.br\/wp-json\/wp\/v2\/comments?post=16574"}],"version-history":[{"count":3,"href":"https:\/\/diariodepernambuco.audiencelabs.com.br\/wp-json\/wp\/v2\/posts\/16574\/revisions"}],"predecessor-version":[{"id":16950,"href":"https:\/\/diariodepernambuco.audiencelabs.com.br\/wp-json\/wp\/v2\/posts\/16574\/revisions\/16950"}],"wp:featuredmedia":[{"embeddable":true,"href":"https:\/\/diariodepernambuco.audiencelabs.com.br\/wp-json\/wp\/v2\/media\/2436"}],"wp:attachment":[{"href":"https:\/\/diariodepernambuco.audiencelabs.com.br\/wp-json\/wp\/v2\/media?parent=16574"}],"wp:term":[{"taxonomy":"category","embeddable":true,"href":"https:\/\/diariodepernambuco.audiencelabs.com.br\/wp-json\/wp\/v2\/categories?post=16574"},{"taxonomy":"post_tag","embeddable":true,"href":"https:\/\/diariodepernambuco.audiencelabs.com.br\/wp-json\/wp\/v2\/tags?post=16574"}],"curies":[{"name":"wp","href":"https:\/\/api.w.org\/{rel}","templated":true}]}}