{"id":16712,"date":"2026-02-09T11:29:41","date_gmt":"2026-02-09T14:29:41","guid":{"rendered":"https:\/\/diariodepernambuco.audiencelabs.com.br\/?p=16712"},"modified":"2026-02-09T11:29:55","modified_gmt":"2026-02-09T14:29:55","slug":"atacante-pedro-chega-ao-fim-do-ciclo-no-flamengo-em-2026","status":"publish","type":"post","link":"https:\/\/diariodepernambuco.audiencelabs.com.br\/atacante-pedro-chega-ao-fim-do-ciclo-no-flamengo-em-2026\/","title":{"rendered":"Atacante Pedro chega ao fim do ciclo no Flamengo em 2026"},"content":{"rendered":"\n<p>A goleada do Flamengo pelo placar de 7 a 1 sobre o Sampaio Corr\u00eaa n\u00e3o s\u00f3 garantiu o rubro-negro nas quartas de final do Campeonato Carioca como encerrou um inc\u00f4modo jejum que assombrava o artilheiro Pedro. O camisa 9 marcou os dois primeiros gols que abriram caminho para a importante vit\u00f3ria do time comandado por Filipe Lu\u00eds.<\/p>\n\n\n\n<p>Pedro n\u00e3o marcava havia quase quatro meses, desde a vit\u00f3ria por 3 a 2 sobre o Palmeiras, em 19 de outubro. Depois, sofreu uma les\u00e3o no bra\u00e7o contra o Racing, pela Copa Libertadores, e outra na coxa durante a recupera\u00e7\u00e3o, voltando a jogar apenas em 13 de dezembro, diante do Pyramids, na semifinal do Intercontinental.<\/p>\n\n\n\n<p>Na atual temporada, o centroavante havia passado em branco contra Vasco, Fluminense, S\u00e3o Paulo, Corinthians e Internacional. Ap\u00f3s o apito final, Filipe Lu\u00eds celebrou o t\u00e9rmino do jejum de seu camisa 9 e o elogiou aos jornalistas.<\/p>\n\n\n\n<p>&#8220;Para mim \u00e9 muito importante ver comportamentos dentro de campo. Para os jogadores \u00e9 importante recuperar sensa\u00e7\u00f5es. Ver o Pedro fazer gol novamente, estar perto da \u00e1rea, ter conex\u00f5es, essa qu\u00edmica entre companheiros que jogam com ele, que eles se procurem\u2026 Por isso s\u00e3o importantes esses jogos de pr\u00e9-temporada&#8221;, disse.<\/p>\n\n\n\n<p>Buscando o tricampeonato estadual e o seu 40\u00ba trof\u00e9u na hist\u00f3ria, o Flamengo enfrentar\u00e1 o Botafogo no Est\u00e1dio Nilton Santos pelas quartas de final. O duelo ainda n\u00e3o tem data e hor\u00e1rio confirmados pela Federa\u00e7\u00e3o de Futebol do Rio de Janeiro (FERJ). Quem passar do cl\u00e1ssico enfrentar\u00e1 o vencedor de Madureira e Boavista nas semifinais.<\/p>\n\n\n\n<h2 class=\"wp-block-heading\">As quartas de final do Campeonato Carioca<\/h2>\n\n\n\n<ul class=\"wp-block-list\">\n<li>15 ou 16\/02, hor\u00e1rio a definir &#8211; Fluminense x Bangu (Confronto 1)<\/li>\n\n\n\n<li>14\/02, hor\u00e1rio a definir &#8211; Vasco x Volta Redonda (Confronto 2)<\/li>\n\n\n\n<li><strong>15\/02, hor\u00e1rio a definir &#8211; Botafogo x Flamengo (Confronto 3)<\/strong><\/li>\n\n\n\n<li>13\/02, hor\u00e1rio a definir &#8211; Madureira x Boavista (Confronto 4)<\/li>\n<\/ul>\n\n\n\n<p>Nas semifinais, quem avan\u00e7ar no Confronto 1 enfrentar\u00e1 o classificado do Confronto 2, enquanto o vencedor do Confronto 3 duelar\u00e1 com quem sair vitorioso do Confronto 4.<\/p>\n\n\n\n<p><\/p>\n","protected":false},"excerpt":{"rendered":"<p>A goleada do Flamengo pelo placar de 7 a 1 sobre o Sampaio Corr\u00eaa n\u00e3o s\u00f3 garantiu o rubro-negro nas quartas de final do Campeonato Carioca como encerrou um inc\u00f4modo jejum que assombrava o artilheiro Pedro. O camisa 9 marcou os dois primeiros gols que abriram caminho para a importante vit\u00f3ria do time comandado por [&hellip;]<\/p>\n","protected":false},"author":4,"featured_media":9745,"comment_status":"open","ping_status":"open","sticky":false,"template":"","format":"standard","meta":{"jnews-multi-image_gallery":[],"jnews_single_post":{"format":"standard"},"jnews_primary_category":[],"jnews_social_meta":[],"jnews_post_split":[],"footnotes":""},"categories":[1],"tags":[],"class_list":["post-16712","post","type-post","status-publish","format-standard","has-post-thumbnail","hentry","category-uncategorized"],"_links":{"self":[{"href":"https:\/\/diariodepernambuco.audiencelabs.com.br\/wp-json\/wp\/v2\/posts\/16712","targetHints":{"allow":["GET"]}}],"collection":[{"href":"https:\/\/diariodepernambuco.audiencelabs.com.br\/wp-json\/wp\/v2\/posts"}],"about":[{"href":"https:\/\/diariodepernambuco.audiencelabs.com.br\/wp-json\/wp\/v2\/types\/post"}],"author":[{"embeddable":true,"href":"https:\/\/diariodepernambuco.audiencelabs.com.br\/wp-json\/wp\/v2\/users\/4"}],"replies":[{"embeddable":true,"href":"https:\/\/diariodepernambuco.audiencelabs.com.br\/wp-json\/wp\/v2\/comments?post=16712"}],"version-history":[{"count":2,"href":"https:\/\/diariodepernambuco.audiencelabs.com.br\/wp-json\/wp\/v2\/posts\/16712\/revisions"}],"predecessor-version":[{"id":16952,"href":"https:\/\/diariodepernambuco.audiencelabs.com.br\/wp-json\/wp\/v2\/posts\/16712\/revisions\/16952"}],"wp:featuredmedia":[{"embeddable":true,"href":"https:\/\/diariodepernambuco.audiencelabs.com.br\/wp-json\/wp\/v2\/media\/9745"}],"wp:attachment":[{"href":"https:\/\/diariodepernambuco.audiencelabs.com.br\/wp-json\/wp\/v2\/media?parent=16712"}],"wp:term":[{"taxonomy":"category","embeddable":true,"href":"https:\/\/diariodepernambuco.audiencelabs.com.br\/wp-json\/wp\/v2\/categories?post=16712"},{"taxonomy":"post_tag","embeddable":true,"href":"https:\/\/diariodepernambuco.audiencelabs.com.br\/wp-json\/wp\/v2\/tags?post=16712"}],"curies":[{"name":"wp","href":"https:\/\/api.w.org\/{rel}","templated":true}]}}