{"id":16725,"date":"2026-02-09T11:55:49","date_gmt":"2026-02-09T14:55:49","guid":{"rendered":"https:\/\/diariodepernambuco.audiencelabs.com.br\/?p=16725"},"modified":"2026-02-09T11:55:52","modified_gmt":"2026-02-09T14:55:52","slug":"adolescentes-menores-de-18-anos-e-idosos-vao-receber-beneficio-do-governo","status":"publish","type":"post","link":"https:\/\/diariodepernambuco.audiencelabs.com.br\/adolescentes-menores-de-18-anos-e-idosos-vao-receber-beneficio-do-governo\/","title":{"rendered":"Adolescentes menores de 18 anos e idosos v\u00e3o receber benef\u00edcio do Governo"},"content":{"rendered":"\n<p>Entre fevereiro e mar\u00e7o, o Minist\u00e9rio da Sa\u00fade realiza um projeto-piloto em quatro unidades da Federa\u00e7\u00e3o \u2014 Amap\u00e1, Para\u00edba, Paran\u00e1 e Distrito Federal \u2014 com a proposta de substituir a insulina NPH pela insulina glargina no tratamento de pacientes com diabetes atendidos pelo Sistema \u00danico de Sa\u00fade (SUS).<\/p>\n\n\n\n<p>A insulina NPH, utilizada h\u00e1 d\u00e9cadas, \u00e9 de a\u00e7\u00e3o intermedi\u00e1ria, enquanto a glargina \u00e9 uma alternativa mais moderna, de a\u00e7\u00e3o prolongada. A expectativa do governo federal \u00e9 expandir a iniciativa para todo o pa\u00eds ainda ao longo deste ano.<\/p>\n\n\n\n<p>Nesta etapa inicial, ser\u00e3o atendidos crian\u00e7as e adolescentes de at\u00e9 17 anos com diabetes tipo 1, al\u00e9m de idosos a partir de 80 anos diagnosticados com diabetes tipo 1 ou 2. A previs\u00e3o oficial \u00e9 de que cerca de 50 mil pessoas sejam beneficiadas nesse primeiro momento.<\/p>\n\n\n\n<p>Segundo o Minist\u00e9rio da Sa\u00fade, o p\u00fablico-alvo foi definido a partir de um consenso entre um comit\u00ea t\u00e9cnico de especialistas e gestores das redes estaduais e municipais. A pasta estuda ampliar gradualmente as indica\u00e7\u00f5es ao longo do ano, de acordo com os resultados do projeto-piloto e a capacidade de produ\u00e7\u00e3o e abastecimento do medicamento.<\/p>\n\n\n\n<p>Paralelamente \u00e0 entrega da nova insulina, as equipes de sa\u00fade que participam do programa recebem capacita\u00e7\u00e3o espec\u00edfica. O treinamento inclui crit\u00e9rios de prescri\u00e7\u00e3o, formas de aplica\u00e7\u00e3o, acompanhamento cl\u00ednico dos pacientes e orienta\u00e7\u00f5es para o uso das canetas de insulina, com previs\u00e3o de consultas regulares e, quando necess\u00e1rio, visitas domiciliares.<\/p>\n\n\n\n<h2 class=\"wp-block-heading\">Como funcionar\u00e1 a implementa\u00e7\u00e3o do novo tratamento no SUS<\/h2>\n\n\n\n<p>O projeto-piloto prev\u00ea n\u00e3o apenas a substitui\u00e7\u00e3o do medicamento, mas tamb\u00e9m um acompanhamento mais pr\u00f3ximo dos pacientes contemplados. A ideia \u00e9 avaliar os impactos da insulina glargina no controle glic\u00eamico, na ades\u00e3o ao tratamento e na qualidade de vida dos usu\u00e1rios atendidos pela rede p\u00fablica.<\/p>\n\n\n\n<p>Com base nos resultados obtidos nos primeiros meses, o Minist\u00e9rio da Sa\u00fade pretende ajustar protocolos e definir os pr\u00f3ximos passos da pol\u00edtica. Caso a experi\u00eancia seja considerada positiva, a iniciativa poder\u00e1 ser ampliada para outros grupos e regi\u00f5es, consolidando a ado\u00e7\u00e3o do novo tratamento em escala nacional.<\/p>\n\n\n\n<p><\/p>\n","protected":false},"excerpt":{"rendered":"<p>Entre fevereiro e mar\u00e7o, o Minist\u00e9rio da Sa\u00fade realiza um projeto-piloto em quatro unidades da Federa\u00e7\u00e3o \u2014 Amap\u00e1, Para\u00edba, Paran\u00e1 e Distrito Federal \u2014 com a proposta de substituir a insulina NPH pela insulina glargina no tratamento de pacientes com diabetes atendidos pelo Sistema \u00danico de Sa\u00fade (SUS). A insulina NPH, utilizada h\u00e1 d\u00e9cadas, \u00e9 [&hellip;]<\/p>\n","protected":false},"author":4,"featured_media":16727,"comment_status":"open","ping_status":"open","sticky":false,"template":"","format":"standard","meta":{"jnews-multi-image_gallery":[],"jnews_single_post":{"format":"standard"},"jnews_primary_category":[],"jnews_social_meta":[],"jnews_post_split":[],"footnotes":""},"categories":[1],"tags":[],"class_list":["post-16725","post","type-post","status-publish","format-standard","has-post-thumbnail","hentry","category-uncategorized"],"_links":{"self":[{"href":"https:\/\/diariodepernambuco.audiencelabs.com.br\/wp-json\/wp\/v2\/posts\/16725","targetHints":{"allow":["GET"]}}],"collection":[{"href":"https:\/\/diariodepernambuco.audiencelabs.com.br\/wp-json\/wp\/v2\/posts"}],"about":[{"href":"https:\/\/diariodepernambuco.audiencelabs.com.br\/wp-json\/wp\/v2\/types\/post"}],"author":[{"embeddable":true,"href":"https:\/\/diariodepernambuco.audiencelabs.com.br\/wp-json\/wp\/v2\/users\/4"}],"replies":[{"embeddable":true,"href":"https:\/\/diariodepernambuco.audiencelabs.com.br\/wp-json\/wp\/v2\/comments?post=16725"}],"version-history":[{"count":2,"href":"https:\/\/diariodepernambuco.audiencelabs.com.br\/wp-json\/wp\/v2\/posts\/16725\/revisions"}],"predecessor-version":[{"id":16951,"href":"https:\/\/diariodepernambuco.audiencelabs.com.br\/wp-json\/wp\/v2\/posts\/16725\/revisions\/16951"}],"wp:featuredmedia":[{"embeddable":true,"href":"https:\/\/diariodepernambuco.audiencelabs.com.br\/wp-json\/wp\/v2\/media\/16727"}],"wp:attachment":[{"href":"https:\/\/diariodepernambuco.audiencelabs.com.br\/wp-json\/wp\/v2\/media?parent=16725"}],"wp:term":[{"taxonomy":"category","embeddable":true,"href":"https:\/\/diariodepernambuco.audiencelabs.com.br\/wp-json\/wp\/v2\/categories?post=16725"},{"taxonomy":"post_tag","embeddable":true,"href":"https:\/\/diariodepernambuco.audiencelabs.com.br\/wp-json\/wp\/v2\/tags?post=16725"}],"curies":[{"name":"wp","href":"https:\/\/api.w.org\/{rel}","templated":true}]}}