{"id":16759,"date":"2026-02-10T11:13:00","date_gmt":"2026-02-10T14:13:00","guid":{"rendered":"https:\/\/diariodepernambuco.audiencelabs.com.br\/?p=16759"},"modified":"2026-02-09T14:58:00","modified_gmt":"2026-02-09T17:58:00","slug":"lei-cao-orelha-deve-ser-aprovada-para-mudar-punicoes","status":"publish","type":"post","link":"https:\/\/diariodepernambuco.audiencelabs.com.br\/lei-cao-orelha-deve-ser-aprovada-para-mudar-punicoes\/","title":{"rendered":"Lei C\u00e3o Orelha deve ser aprovada para mudar puni\u00e7\u00f5es"},"content":{"rendered":"\n<p>Um projeto de lei apresentado recentemente prop\u00f5e mudan\u00e7as mais r\u00edgidas no Estatuto da Crian\u00e7a e do Adolescente (ECA), permitindo a interna\u00e7\u00e3o de menores que pratiquem atos de crueldade contra animais. Conhecida como \u201cLei c\u00e3o Orelha\u201d, a iniciativa surgiu como resposta \u00e0 morte violenta do c\u00e3o Orelha, animal comunit\u00e1rio da Praia Brava, em Florian\u00f3polis.<\/p>\n\n\n\n<p>A proposta busca equiparar esse tipo de crime \u00e0 viol\u00eancia contra pessoas para fins de aplica\u00e7\u00e3o de medidas socioeducativas. O autor do projeto \u00e9 o senador Fabiano Contarato (PT-ES), que tamb\u00e9m preside a CPI do Crime Organizado. O texto ainda tramita no Congresso Nacional.<\/p>\n\n\n\n<p>Hoje, a interna\u00e7\u00e3o s\u00f3 se aplica a atos infracionais com grave amea\u00e7a ou viol\u00eancia contra pessoas. O Projeto de Lei n\u00ba 372\/2026 prop\u00f5e alterar o inciso I do artigo 122 do ECA, que atualmente permite essa medida apenas quando o ato envolve viol\u00eancia contra a pessoa humana.<\/p>\n\n\n\n<p>A proposta inclui explicitamente a viol\u00eancia contra animais entre as hip\u00f3teses legais, permitindo a interna\u00e7\u00e3o em casos de crueldade e sadismo. A justificativa aponta que a tortura de animais por adolescentes indica comportamento preocupante e demanda resposta firme do Estado para garantir a conviv\u00eancia social e a reeduca\u00e7\u00e3o.<\/p>\n\n\n\n<h2 class=\"wp-block-heading\">O caso que motivou a cria\u00e7\u00e3o da proposta<\/h2>\n\n\n\n<p>O projeto ganhou for\u00e7a ap\u00f3s a morte do c\u00e3o Orelha, animal comunit\u00e1rio conhecido na Praia Brava, em Florian\u00f3polis. O cachorro era cuidado por moradores e comerciantes da regi\u00e3o e teve a morte classificada como um ato de extrema crueldade, o que gerou forte como\u00e7\u00e3o e revolta nas redes sociais.<\/p>\n\n\n\n<p>O epis\u00f3dio reacendeu o debate sobre a responsabiliza\u00e7\u00e3o de adolescentes envolvidos em crimes contra animais. Para os defensores da proposta, o caso exp\u00f4s lacunas na legisla\u00e7\u00e3o atual e refor\u00e7ou a necessidade de medidas mais rigorosas para coibir pr\u00e1ticas violentas e prevenir novos epis\u00f3dios semelhantes.<\/p>\n\n\n\n<p><\/p>\n","protected":false},"excerpt":{"rendered":"<p>Um projeto de lei apresentado recentemente prop\u00f5e mudan\u00e7as mais r\u00edgidas no Estatuto da Crian\u00e7a e do Adolescente (ECA), permitindo a interna\u00e7\u00e3o de menores que pratiquem atos de crueldade contra animais. Conhecida como \u201cLei c\u00e3o Orelha\u201d, a iniciativa surgiu como resposta \u00e0 morte violenta do c\u00e3o Orelha, animal comunit\u00e1rio da Praia Brava, em Florian\u00f3polis. A proposta [&hellip;]<\/p>\n","protected":false},"author":4,"featured_media":15360,"comment_status":"open","ping_status":"open","sticky":false,"template":"","format":"standard","meta":{"jnews-multi-image_gallery":[],"jnews_single_post":{"format":"standard"},"jnews_primary_category":[],"jnews_social_meta":[],"jnews_post_split":[],"footnotes":""},"categories":[1],"tags":[],"class_list":["post-16759","post","type-post","status-publish","format-standard","has-post-thumbnail","hentry","category-uncategorized"],"_links":{"self":[{"href":"https:\/\/diariodepernambuco.audiencelabs.com.br\/wp-json\/wp\/v2\/posts\/16759","targetHints":{"allow":["GET"]}}],"collection":[{"href":"https:\/\/diariodepernambuco.audiencelabs.com.br\/wp-json\/wp\/v2\/posts"}],"about":[{"href":"https:\/\/diariodepernambuco.audiencelabs.com.br\/wp-json\/wp\/v2\/types\/post"}],"author":[{"embeddable":true,"href":"https:\/\/diariodepernambuco.audiencelabs.com.br\/wp-json\/wp\/v2\/users\/4"}],"replies":[{"embeddable":true,"href":"https:\/\/diariodepernambuco.audiencelabs.com.br\/wp-json\/wp\/v2\/comments?post=16759"}],"version-history":[{"count":3,"href":"https:\/\/diariodepernambuco.audiencelabs.com.br\/wp-json\/wp\/v2\/posts\/16759\/revisions"}],"predecessor-version":[{"id":17033,"href":"https:\/\/diariodepernambuco.audiencelabs.com.br\/wp-json\/wp\/v2\/posts\/16759\/revisions\/17033"}],"wp:featuredmedia":[{"embeddable":true,"href":"https:\/\/diariodepernambuco.audiencelabs.com.br\/wp-json\/wp\/v2\/media\/15360"}],"wp:attachment":[{"href":"https:\/\/diariodepernambuco.audiencelabs.com.br\/wp-json\/wp\/v2\/media?parent=16759"}],"wp:term":[{"taxonomy":"category","embeddable":true,"href":"https:\/\/diariodepernambuco.audiencelabs.com.br\/wp-json\/wp\/v2\/categories?post=16759"},{"taxonomy":"post_tag","embeddable":true,"href":"https:\/\/diariodepernambuco.audiencelabs.com.br\/wp-json\/wp\/v2\/tags?post=16759"}],"curies":[{"name":"wp","href":"https:\/\/api.w.org\/{rel}","templated":true}]}}