{"id":16865,"date":"2026-02-11T09:06:00","date_gmt":"2026-02-11T12:06:00","guid":{"rendered":"https:\/\/diariodepernambuco.audiencelabs.com.br\/?p=16865"},"modified":"2026-02-10T10:08:14","modified_gmt":"2026-02-10T13:08:14","slug":"curiosidade-sobre-a-mancha-que-causou-explosoes-gigantes-no-sol","status":"publish","type":"post","link":"https:\/\/diariodepernambuco.audiencelabs.com.br\/curiosidade-sobre-a-mancha-que-causou-explosoes-gigantes-no-sol\/","title":{"rendered":"Curiosidade sobre a mancha que causou explos\u00f5es gigantes no Sol"},"content":{"rendered":"\n<p>Uma mancha solar ligada a uma s\u00e9rie de erup\u00e7\u00f5es de grande intensidade chamou aten\u00e7\u00e3o da Nasa por seu formato inusitado. Em publica\u00e7\u00e3o nas redes sociais, a ag\u00eancia destacou que a regi\u00e3o ativa do Sol se assemelha a um ponto de interroga\u00e7\u00e3o deitado quando observada na luz vis\u00edvel.<\/p>\n\n\n\n<p>A imagem foi registrada em 4 de fevereiro pelo Observat\u00f3rio de Din\u00e2mica Solar (SDO), usando o filtro HMI, que permite estudar a fotosfera \u2014 a superf\u00edcie vis\u00edvel do Sol. \u201cMuitos a compararam a um ponto de interroga\u00e7\u00e3o deitado. E voc\u00ea, o que v\u00ea?\u201d, questionou a Nasa na publica\u00e7\u00e3o.<\/p>\n\n\n\n<figure class=\"wp-block-embed is-type-rich is-provider-twitter wp-block-embed-twitter\"><div class=\"wp-block-embed__wrapper\">\n<blockquote class=\"twitter-tweet\" data-width=\"500\" data-dnt=\"true\"><p lang=\"en\" dir=\"ltr\">It\u2019s <a href=\"https:\/\/twitter.com\/hashtag\/SunDay?src=hash&amp;ref_src=twsrc%5Etfw\" target=\"_blank\" rel=\"noopener\">#SunDay<\/a>! Here\u2019s your space weather report for the week of Jan. 30 \u2013 Feb 5:<br>&#8211; 72 M-class flares (!)<br>&#8211; 6 X-class flares<br>&#8211; 33 coronal mass ejections<br>&#8211; 0 geomagnetic storms<br><br>This video from NASA\u2019s Solar Dynamics Observatory (SDO) shows the week\u2019s activity. <br><br>SDO ended its Earth\u2026 <a href=\"https:\/\/t.co\/YPdFHB36dV\" target=\"_blank\">pic.twitter.com\/YPdFHB36dV<\/a><\/p>&mdash; NASA Space Alerts (@NASASpaceAlerts) <a href=\"https:\/\/twitter.com\/NASASpaceAlerts\/status\/2020543147873386578?ref_src=twsrc%5Etfw\" target=\"_blank\" rel=\"noopener\">February 8, 2026<\/a><\/blockquote><script async src=\"https:\/\/platform.twitter.com\/widgets.js\" charset=\"utf-8\"><\/script>\n<\/div><\/figure>\n\n\n\n<p>A mancha solar, identificada como AR 4366, surgiu em 30 de janeiro e passou a concentrar intensa atividade nos dias seguintes. Em menos de tr\u00eas dias, sat\u00e9lites da Nasa registraram ao menos seis erup\u00e7\u00f5es de classe X, a mais intensa da escala solar.<\/p>\n\n\n\n<p>Segundo o astr\u00f4nomo Thiago Gon\u00e7alves, diretor do Observat\u00f3rio do Valongo da Universidade Federal do Rio de Janeiro (UFRJ), a mancha AR 4366 tem cerca de 10 vezes o tamanho da Terra, destacando-se como uma das maiores observadas recentemente.<\/p>\n\n\n\n<p>Desde que a mancha surgiu em 30 de janeiro, foram registradas 21 erup\u00e7\u00f5es de classe C, 38 de classe M e 5 de classe X. Embora erup\u00e7\u00f5es solares ocorram v\u00e1rias vezes ao ano, uma sequ\u00eancia intensa de explos\u00f5es da classe X em poucos dias \u00e9 pouco comum. Essas erup\u00e7\u00f5es fazem parte da atividade solar, que \u00e9 movida pelo campo magn\u00e9tico do Sol.<\/p>\n\n\n\n<h2 class=\"wp-block-heading\">Mancha solar AR 4366 desperta aten\u00e7\u00e3o por sequ\u00eancia intensa de erup\u00e7\u00f5es<\/h2>\n\n\n\n<p>A regi\u00e3o ativa do Sol, conhecida como AR 4366, tem surpreendido astr\u00f4nomos devido \u00e0 quantidade e intensidade das erup\u00e7\u00f5es registradas em poucos dias. Embora erup\u00e7\u00f5es solares ocorram com certa frequ\u00eancia ao longo do ano, a concentra\u00e7\u00e3o de explos\u00f5es de classe X em um curto per\u00edodo \u00e9 rara e indica forte atividade magn\u00e9tica na superf\u00edcie solar.<\/p>\n\n\n\n<p>Especialistas destacam que esses eventos n\u00e3o apenas ajudam a entender o comportamento do Sol, mas tamb\u00e9m podem influenciar o ambiente espacial pr\u00f3ximo \u00e0 Terra. Sat\u00e9lites e comunica\u00e7\u00f5es podem ser afetados por part\u00edculas energ\u00e9ticas liberadas durante as explos\u00f5es, refor\u00e7ando a import\u00e2ncia de monitoramento constante por ag\u00eancias como a Nasa.<\/p>\n","protected":false},"excerpt":{"rendered":"<p>Uma mancha solar ligada a uma s\u00e9rie de erup\u00e7\u00f5es de grande intensidade chamou aten\u00e7\u00e3o da Nasa por seu formato inusitado. Em publica\u00e7\u00e3o nas redes sociais, a ag\u00eancia destacou que a regi\u00e3o ativa do Sol se assemelha a um ponto de interroga\u00e7\u00e3o deitado quando observada na luz vis\u00edvel. A imagem foi registrada em 4 de fevereiro [&hellip;]<\/p>\n","protected":false},"author":4,"featured_media":16867,"comment_status":"open","ping_status":"open","sticky":false,"template":"","format":"standard","meta":{"jnews-multi-image_gallery":[],"jnews_single_post":{"format":"standard"},"jnews_primary_category":[],"jnews_social_meta":[],"jnews_post_split":[],"footnotes":""},"categories":[1],"tags":[],"class_list":["post-16865","post","type-post","status-publish","format-standard","has-post-thumbnail","hentry","category-uncategorized"],"_links":{"self":[{"href":"https:\/\/diariodepernambuco.audiencelabs.com.br\/wp-json\/wp\/v2\/posts\/16865","targetHints":{"allow":["GET"]}}],"collection":[{"href":"https:\/\/diariodepernambuco.audiencelabs.com.br\/wp-json\/wp\/v2\/posts"}],"about":[{"href":"https:\/\/diariodepernambuco.audiencelabs.com.br\/wp-json\/wp\/v2\/types\/post"}],"author":[{"embeddable":true,"href":"https:\/\/diariodepernambuco.audiencelabs.com.br\/wp-json\/wp\/v2\/users\/4"}],"replies":[{"embeddable":true,"href":"https:\/\/diariodepernambuco.audiencelabs.com.br\/wp-json\/wp\/v2\/comments?post=16865"}],"version-history":[{"count":2,"href":"https:\/\/diariodepernambuco.audiencelabs.com.br\/wp-json\/wp\/v2\/posts\/16865\/revisions"}],"predecessor-version":[{"id":16869,"href":"https:\/\/diariodepernambuco.audiencelabs.com.br\/wp-json\/wp\/v2\/posts\/16865\/revisions\/16869"}],"wp:featuredmedia":[{"embeddable":true,"href":"https:\/\/diariodepernambuco.audiencelabs.com.br\/wp-json\/wp\/v2\/media\/16867"}],"wp:attachment":[{"href":"https:\/\/diariodepernambuco.audiencelabs.com.br\/wp-json\/wp\/v2\/media?parent=16865"}],"wp:term":[{"taxonomy":"category","embeddable":true,"href":"https:\/\/diariodepernambuco.audiencelabs.com.br\/wp-json\/wp\/v2\/categories?post=16865"},{"taxonomy":"post_tag","embeddable":true,"href":"https:\/\/diariodepernambuco.audiencelabs.com.br\/wp-json\/wp\/v2\/tags?post=16865"}],"curies":[{"name":"wp","href":"https:\/\/api.w.org\/{rel}","templated":true}]}}