{"id":16882,"date":"2026-02-11T11:06:00","date_gmt":"2026-02-11T14:06:00","guid":{"rendered":"https:\/\/diariodepernambuco.audiencelabs.com.br\/?p=16882"},"modified":"2026-02-10T10:25:34","modified_gmt":"2026-02-10T13:25:34","slug":"globo-interrompeu-programacao-para-dar-espaco-a-outro-segmento","status":"publish","type":"post","link":"https:\/\/diariodepernambuco.audiencelabs.com.br\/globo-interrompeu-programacao-para-dar-espaco-a-outro-segmento\/","title":{"rendered":"Globo interrompeu programa\u00e7\u00e3o para dar espa\u00e7o a outro segmento"},"content":{"rendered":"\n<p>A Globo promoveu uma s\u00e9rie de mudan\u00e7as em sua programa\u00e7\u00e3o vespertina para dar prioridade total aos esportes. Entre os dias 6 e 22 de fevereiro, parte da grade da tarde ser\u00e1 interrompida para ampliar a cobertura dos Jogos Ol\u00edmpicos de Inverno de Mil\u00e3o-Cortina 2026.<\/p>\n\n\n\n<p>Pela primeira vez, o Brasil chega aos Jogos Ol\u00edmpicos de Inverno com reais chances de medalha, o que motivou maior investimento e mobiliza\u00e7\u00e3o da emissora. Ao todo, 3.500 atletas de 93 pa\u00edses disputam provas em 16 modalidades, e a delega\u00e7\u00e3o brasileira conta com 14 competidores, a maior da hist\u00f3ria do pa\u00eds na competi\u00e7\u00e3o.<\/p>\n\n\n\n<p>Para a cobertura dos Jogos Ol\u00edmpicos de Inverno, a Globo montou uma opera\u00e7\u00e3o robusta com mais de 190 profissionais. Entre eles, 14 est\u00e3o diretamente na It\u00e1lia, divididos em quatro equipes de reportagem. Tr\u00eas desses grupos produzem conte\u00fado para a TV Globo e o Sportv, enquanto a Ge TV conta com um time exclusivo dedicado ao evento.<\/p>\n\n\n\n<p>O Sportv \u00e9 o principal canal da transmiss\u00e3o, com at\u00e9 14 horas di\u00e1rias ao vivo, incluindo as cerim\u00f4nias de abertura e encerramento. O canal tamb\u00e9m exibe o programa Di\u00e1rio de Inverno, que encerra cada dia com um resumo completo das disputas.<\/p>\n\n\n\n<h2 class=\"wp-block-heading\">Olimp\u00edadas de Inverno 2026 prometem emo\u00e7\u00e3o e disputas hist\u00f3ricas<\/h2>\n\n\n\n<p>Os Jogos Ol\u00edmpicos de Inverno de Mil\u00e3o-Cortina 2026 re\u00fanem cerca de 3.500 atletas de 93 pa\u00edses em competi\u00e7\u00f5es de 16 modalidades, incluindo esqui, patina\u00e7\u00e3o art\u00edstica, h\u00f3quei no gelo e bobsled. A edi\u00e7\u00e3o marca uma oportunidade hist\u00f3rica para o Brasil, que leva 14 atletas, a maior delega\u00e7\u00e3o do pa\u00eds na hist\u00f3ria do evento, e chega com reais chances de medalha.<\/p>\n\n\n\n<p>Al\u00e9m das disputas esportivas, o evento tamb\u00e9m \u00e9 um espet\u00e1culo cultural, com cerim\u00f4nias de abertura e encerramento que combinam tradi\u00e7\u00e3o, tecnologia e entretenimento. A expectativa \u00e9 que milh\u00f5es de espectadores acompanhem de perto cada momento, seja pelos canais de TV ou pelas transmiss\u00f5es digitais, consolidando a import\u00e2ncia do evento no calend\u00e1rio esportivo mundial.<\/p>\n\n\n\n<p><\/p>\n","protected":false},"excerpt":{"rendered":"<p>A Globo promoveu uma s\u00e9rie de mudan\u00e7as em sua programa\u00e7\u00e3o vespertina para dar prioridade total aos esportes. Entre os dias 6 e 22 de fevereiro, parte da grade da tarde ser\u00e1 interrompida para ampliar a cobertura dos Jogos Ol\u00edmpicos de Inverno de Mil\u00e3o-Cortina 2026. Pela primeira vez, o Brasil chega aos Jogos Ol\u00edmpicos de Inverno [&hellip;]<\/p>\n","protected":false},"author":4,"featured_media":7952,"comment_status":"open","ping_status":"open","sticky":false,"template":"","format":"standard","meta":{"jnews-multi-image_gallery":[],"jnews_single_post":{"format":"standard"},"jnews_primary_category":[],"jnews_social_meta":[],"jnews_post_split":[],"footnotes":""},"categories":[1],"tags":[],"class_list":["post-16882","post","type-post","status-publish","format-standard","has-post-thumbnail","hentry","category-uncategorized"],"_links":{"self":[{"href":"https:\/\/diariodepernambuco.audiencelabs.com.br\/wp-json\/wp\/v2\/posts\/16882","targetHints":{"allow":["GET"]}}],"collection":[{"href":"https:\/\/diariodepernambuco.audiencelabs.com.br\/wp-json\/wp\/v2\/posts"}],"about":[{"href":"https:\/\/diariodepernambuco.audiencelabs.com.br\/wp-json\/wp\/v2\/types\/post"}],"author":[{"embeddable":true,"href":"https:\/\/diariodepernambuco.audiencelabs.com.br\/wp-json\/wp\/v2\/users\/4"}],"replies":[{"embeddable":true,"href":"https:\/\/diariodepernambuco.audiencelabs.com.br\/wp-json\/wp\/v2\/comments?post=16882"}],"version-history":[{"count":2,"href":"https:\/\/diariodepernambuco.audiencelabs.com.br\/wp-json\/wp\/v2\/posts\/16882\/revisions"}],"predecessor-version":[{"id":16888,"href":"https:\/\/diariodepernambuco.audiencelabs.com.br\/wp-json\/wp\/v2\/posts\/16882\/revisions\/16888"}],"wp:featuredmedia":[{"embeddable":true,"href":"https:\/\/diariodepernambuco.audiencelabs.com.br\/wp-json\/wp\/v2\/media\/7952"}],"wp:attachment":[{"href":"https:\/\/diariodepernambuco.audiencelabs.com.br\/wp-json\/wp\/v2\/media?parent=16882"}],"wp:term":[{"taxonomy":"category","embeddable":true,"href":"https:\/\/diariodepernambuco.audiencelabs.com.br\/wp-json\/wp\/v2\/categories?post=16882"},{"taxonomy":"post_tag","embeddable":true,"href":"https:\/\/diariodepernambuco.audiencelabs.com.br\/wp-json\/wp\/v2\/tags?post=16882"}],"curies":[{"name":"wp","href":"https:\/\/api.w.org\/{rel}","templated":true}]}}