{"id":16913,"date":"2026-02-10T13:09:50","date_gmt":"2026-02-10T16:09:50","guid":{"rendered":"https:\/\/diariodepernambuco.audiencelabs.com.br\/?p=16913"},"modified":"2026-02-11T09:19:05","modified_gmt":"2026-02-11T12:19:05","slug":"netos-e-sobrinhos-agora-ganham-direito-a-pensao","status":"publish","type":"post","link":"https:\/\/diariodepernambuco.audiencelabs.com.br\/netos-e-sobrinhos-agora-ganham-direito-a-pensao\/","title":{"rendered":"Netos e sobrinhos agora ganham direito \u00e0 pens\u00e3o"},"content":{"rendered":"\n<p>Originalmente, <strong>a pens\u00e3o por morte<\/strong> era destinada principalmente \u00e0 esposa, filhos menores de 21 anos ou inv\u00e1lidos, e equiparados. Contudo, com o passar dos anos, a legisla\u00e7\u00e3o previdenci\u00e1ria brasileira passou por transforma\u00e7\u00f5es significativas que alteraram este entendimento.<\/p>\n\n\n\n<p>E uma das mais recentes foi promovida pela <strong>Lei n\u00ba 15.108\/2024<\/strong>, que passou a vigorar no ano passado e ampliou o rol de pessoas que t\u00eam direito a este e outros benef\u00edcios previdenci\u00e1rios.<\/p>\n\n\n\n<p>Em suma, a norma passou a permitir que<strong> av\u00f3s e tios se tornem os poss\u00edveis segurados de netos e sobrinhos<\/strong>, garantindo que eles possuam os mesmos direitos previdenci\u00e1rios que filhos biol\u00f3gicos.<\/p>\n\n\n\n<p>\u00c9 importante destacar que, para ter acesso aos benef\u00edcios, \u00e9 fundamental que crian\u00e7as e adolescentes n\u00e3o apenas estejam sob guarda judicial do falecido, mas tamb\u00e9m possuam depend\u00eancia econ\u00f4mica devidamente comprovada.<\/p>\n\n\n\n<p>Apesar disso, a legisla\u00e7\u00e3o continua sendo ben\u00e9fica, uma vez que, al\u00e9m de sanar uma lacuna hist\u00f3rica do sistema previdenci\u00e1rio, ainda fortalece a prote\u00e7\u00e3o a fam\u00edlias constitu\u00eddas por v\u00ednculos afetivos, e n\u00e3o exclusivamente sangu\u00edneos.<\/p>\n\n\n\n<h2 class=\"wp-block-heading\">Nova lei de pens\u00e3o tamb\u00e9m contempla enteados<\/h2>\n\n\n\n<p>\u00c9 importante ressaltar que a Lei n\u00ba 15.108\/2024 tamb\u00e9m reconhece o v\u00ednculo entre<strong> padrastos, madrastas e enteados<\/strong>, assegurando direitos semelhantes aos mencionados anteriormente caso todas as exig\u00eancias estejam sendo seguidas.<\/p>\n\n\n\n<p>Sendo assim, tamb\u00e9m \u00e9 necess\u00e1rio haver uma documenta\u00e7\u00e3o oficial que reconhe\u00e7a a rela\u00e7\u00e3o entre as partes para conferir ao enteado a condi\u00e7\u00e3o de dependente, incluindo provas de que o padrasto ou a madrasta eram sua principal fonte de sustento.<\/p>\n\n\n\n<p>Vale ressaltar que a legisla\u00e7\u00e3o reconhece que<strong> c\u00f4njuges e filhos<\/strong> mant\u00eam prioridade no recebimento da pens\u00e3o. Desta forma, havendo esses dependentes, eles permanecem como benefici\u00e1rios preferenciais e n\u00e3o deixar\u00e3o de receber nenhum valor.<\/p>\n\n\n\n<p>Contudo, por conta do reconhecimento de netos, sobrinhos e enteados, a divis\u00e3o do benef\u00edcio <strong>ocorrer\u00e1 de forma igualit\u00e1ria<\/strong>, a fim de contemplar todos, j\u00e1 que esses dependentes s\u00e3o equiparados na ordem de prioridade de recebimento da pens\u00e3o.<\/p>\n","protected":false},"excerpt":{"rendered":"<p>Originalmente, a pens\u00e3o por morte era destinada principalmente \u00e0 esposa, filhos menores de 21 anos ou inv\u00e1lidos, e equiparados. Contudo, com o passar dos anos, a legisla\u00e7\u00e3o previdenci\u00e1ria brasileira passou por transforma\u00e7\u00f5es significativas que alteraram este entendimento. E uma das mais recentes foi promovida pela Lei n\u00ba 15.108\/2024, que passou a vigorar no ano passado [&hellip;]<\/p>\n","protected":false},"author":15,"featured_media":16914,"comment_status":"open","ping_status":"open","sticky":false,"template":"","format":"standard","meta":{"jnews-multi-image_gallery":[],"jnews_single_post":{"format":"standard"},"jnews_primary_category":[],"jnews_social_meta":[],"jnews_post_split":[],"footnotes":""},"categories":[1],"tags":[],"class_list":["post-16913","post","type-post","status-publish","format-standard","has-post-thumbnail","hentry","category-uncategorized"],"_links":{"self":[{"href":"https:\/\/diariodepernambuco.audiencelabs.com.br\/wp-json\/wp\/v2\/posts\/16913","targetHints":{"allow":["GET"]}}],"collection":[{"href":"https:\/\/diariodepernambuco.audiencelabs.com.br\/wp-json\/wp\/v2\/posts"}],"about":[{"href":"https:\/\/diariodepernambuco.audiencelabs.com.br\/wp-json\/wp\/v2\/types\/post"}],"author":[{"embeddable":true,"href":"https:\/\/diariodepernambuco.audiencelabs.com.br\/wp-json\/wp\/v2\/users\/15"}],"replies":[{"embeddable":true,"href":"https:\/\/diariodepernambuco.audiencelabs.com.br\/wp-json\/wp\/v2\/comments?post=16913"}],"version-history":[{"count":1,"href":"https:\/\/diariodepernambuco.audiencelabs.com.br\/wp-json\/wp\/v2\/posts\/16913\/revisions"}],"predecessor-version":[{"id":16923,"href":"https:\/\/diariodepernambuco.audiencelabs.com.br\/wp-json\/wp\/v2\/posts\/16913\/revisions\/16923"}],"wp:featuredmedia":[{"embeddable":true,"href":"https:\/\/diariodepernambuco.audiencelabs.com.br\/wp-json\/wp\/v2\/media\/16914"}],"wp:attachment":[{"href":"https:\/\/diariodepernambuco.audiencelabs.com.br\/wp-json\/wp\/v2\/media?parent=16913"}],"wp:term":[{"taxonomy":"category","embeddable":true,"href":"https:\/\/diariodepernambuco.audiencelabs.com.br\/wp-json\/wp\/v2\/categories?post=16913"},{"taxonomy":"post_tag","embeddable":true,"href":"https:\/\/diariodepernambuco.audiencelabs.com.br\/wp-json\/wp\/v2\/tags?post=16913"}],"curies":[{"name":"wp","href":"https:\/\/api.w.org\/{rel}","templated":true}]}}