{"id":16985,"date":"2026-02-14T09:25:00","date_gmt":"2026-02-14T12:25:00","guid":{"rendered":"https:\/\/diariodepernambuco.audiencelabs.com.br\/?p=16985"},"modified":"2026-02-10T16:13:02","modified_gmt":"2026-02-10T19:13:02","slug":"quando-comeca-a-declaracao-do-imposto-de-renda","status":"publish","type":"post","link":"https:\/\/diariodepernambuco.audiencelabs.com.br\/quando-comeca-a-declaracao-do-imposto-de-renda\/","title":{"rendered":"Quando come\u00e7a a declara\u00e7\u00e3o do Imposto de Renda?"},"content":{"rendered":"\n<p>A Receita Federal comunicou que as normas do Imposto de Renda 2026, como o calend\u00e1rio oficial de entrega da declara\u00e7\u00e3o e a data de libera\u00e7\u00e3o do programa, ser\u00e3o divulgadas na primeira quinzena de mar\u00e7o. Em 2025, o envio come\u00e7ou em 15 de mar\u00e7o e foi encerrado em 31 de maio.<\/p>\n\n\n\n<p>J\u00e1 as empresas e institui\u00e7\u00f5es financeiras t\u00eam prazo at\u00e9 28 de fevereiro para fornecer aos contribuintes os Informes de Rendimentos. Vale lembrar que a isen\u00e7\u00e3o do IR para sal\u00e1rios de at\u00e9 R$ 5 mil e as mudan\u00e7as trazidas pela reforma do imposto j\u00e1 est\u00e3o valendo, mas s\u00f3 ter\u00e3o impacto pr\u00e1tico na declara\u00e7\u00e3o de 2027, que considera os rendimentos obtidos ao longo de 2026.<\/p>\n\n\n\n<p>Em 2025, a Receita Federal contabilizou 43.344.108 declara\u00e7\u00f5es entregues dentro do prazo. Deste volume, 50,3% dos contribuintes optaram pela declara\u00e7\u00e3o pr\u00e9-preenchida, recurso que agiliza o envio das informa\u00e7\u00f5es e ainda garante prioridade no pagamento da restitui\u00e7\u00e3o.<\/p>\n\n\n\n<p>Diante desse cen\u00e1rio, a recomenda\u00e7\u00e3o \u00e9 que os contribuintes se organizem com anteced\u00eancia, reunindo comprovantes de rendimentos, despesas dedut\u00edveis e documentos pessoais para evitar erros ou atrasos. A expectativa \u00e9 de que a Receita volte a incentivar o uso da declara\u00e7\u00e3o pr\u00e9-preenchida, tanto pela praticidade quanto pela redu\u00e7\u00e3o de inconsist\u00eancias.<\/p>\n\n\n\n<h2 class=\"wp-block-heading\">Organiza\u00e7\u00e3o antecipada evita atrasos e problemas com o Fisco<\/h2>\n\n\n\n<p>Com a proximidade do per\u00edodo de entrega, especialistas recomendam que os contribuintes n\u00e3o deixem para a \u00faltima hora. Separar informes de rendimentos, recibos m\u00e9dicos, comprovantes de educa\u00e7\u00e3o e dados banc\u00e1rios com anteced\u00eancia ajuda a reduzir erros e diminui o risco de cair na malha fina.<\/p>\n\n\n\n<p>Al\u00e9m disso, a tend\u00eancia \u00e9 que a Receita Federal continue ampliando o uso da declara\u00e7\u00e3o pr\u00e9-preenchida em 2026, o que torna o processo mais simples e seguro. Quem opta por esse modelo, al\u00e9m de ganhar tempo no preenchimento, tamb\u00e9m costuma ter prioridade na fila de restitui\u00e7\u00e3o, desde que n\u00e3o haja pend\u00eancias.<\/p>\n\n\n\n<p><\/p>\n","protected":false},"excerpt":{"rendered":"<p>A Receita Federal comunicou que as normas do Imposto de Renda 2026, como o calend\u00e1rio oficial de entrega da declara\u00e7\u00e3o e a data de libera\u00e7\u00e3o do programa, ser\u00e3o divulgadas na primeira quinzena de mar\u00e7o. Em 2025, o envio come\u00e7ou em 15 de mar\u00e7o e foi encerrado em 31 de maio. J\u00e1 as empresas e institui\u00e7\u00f5es [&hellip;]<\/p>\n","protected":false},"author":4,"featured_media":1718,"comment_status":"open","ping_status":"open","sticky":false,"template":"","format":"standard","meta":{"jnews-multi-image_gallery":[],"jnews_single_post":{"format":"standard"},"jnews_primary_category":[],"jnews_social_meta":[],"jnews_post_split":[],"footnotes":""},"categories":[1],"tags":[],"class_list":["post-16985","post","type-post","status-publish","format-standard","has-post-thumbnail","hentry","category-uncategorized"],"_links":{"self":[{"href":"https:\/\/diariodepernambuco.audiencelabs.com.br\/wp-json\/wp\/v2\/posts\/16985","targetHints":{"allow":["GET"]}}],"collection":[{"href":"https:\/\/diariodepernambuco.audiencelabs.com.br\/wp-json\/wp\/v2\/posts"}],"about":[{"href":"https:\/\/diariodepernambuco.audiencelabs.com.br\/wp-json\/wp\/v2\/types\/post"}],"author":[{"embeddable":true,"href":"https:\/\/diariodepernambuco.audiencelabs.com.br\/wp-json\/wp\/v2\/users\/4"}],"replies":[{"embeddable":true,"href":"https:\/\/diariodepernambuco.audiencelabs.com.br\/wp-json\/wp\/v2\/comments?post=16985"}],"version-history":[{"count":2,"href":"https:\/\/diariodepernambuco.audiencelabs.com.br\/wp-json\/wp\/v2\/posts\/16985\/revisions"}],"predecessor-version":[{"id":16992,"href":"https:\/\/diariodepernambuco.audiencelabs.com.br\/wp-json\/wp\/v2\/posts\/16985\/revisions\/16992"}],"wp:featuredmedia":[{"embeddable":true,"href":"https:\/\/diariodepernambuco.audiencelabs.com.br\/wp-json\/wp\/v2\/media\/1718"}],"wp:attachment":[{"href":"https:\/\/diariodepernambuco.audiencelabs.com.br\/wp-json\/wp\/v2\/media?parent=16985"}],"wp:term":[{"taxonomy":"category","embeddable":true,"href":"https:\/\/diariodepernambuco.audiencelabs.com.br\/wp-json\/wp\/v2\/categories?post=16985"},{"taxonomy":"post_tag","embeddable":true,"href":"https:\/\/diariodepernambuco.audiencelabs.com.br\/wp-json\/wp\/v2\/tags?post=16985"}],"curies":[{"name":"wp","href":"https:\/\/api.w.org\/{rel}","templated":true}]}}