{"id":17131,"date":"2026-02-12T09:09:00","date_gmt":"2026-02-12T12:09:00","guid":{"rendered":"https:\/\/diariodepernambuco.audiencelabs.com.br\/?p=17131"},"modified":"2026-02-11T11:49:42","modified_gmt":"2026-02-11T14:49:42","slug":"pequena-europa-brasileira-foi-fundada-por-alemaes-e-o-lugar-e-lindo-para-visitar","status":"publish","type":"post","link":"https:\/\/diariodepernambuco.audiencelabs.com.br\/pequena-europa-brasileira-foi-fundada-por-alemaes-e-o-lugar-e-lindo-para-visitar\/","title":{"rendered":"Pequena \u201cEuropa\u201d no Brasil foi criada por imigrantes alem\u00e3es e italianos e encanta turistas pela beleza"},"content":{"rendered":"\n<p>Localizada na Serra Ga\u00facha, no Rio Grande do Sul, Gramado \u00e9 frequentemente chamada de \u201cpequena Europa brasileira\u201d por sua forte influ\u00eancia cultural alem\u00e3 e italiana. A cidade come\u00e7ou a se desenvolver a partir da chegada de imigrantes europeus no s\u00e9culo XIX, que deixaram marcas profundas na arquitetura, na gastronomia e nos costumes locais.<\/p>\n\n\n\n<p>Casas em estilo enxaimel, jardins floridos e ruas bem cuidadas refor\u00e7am o charme que atrai visitantes de todo o pa\u00eds. O clima mais frio, especialmente durante o inverno, tamb\u00e9m contribui para a atmosfera europeia.<\/p>\n\n\n\n<p>As temperaturas baixas, somadas \u00e0 possibilidade de geadas e at\u00e9 registros ocasionais de neve na regi\u00e3o, transformam Gramado em um dos destinos mais procurados da esta\u00e7\u00e3o. Hot\u00e9is aconchegantes, caf\u00e9s coloniais e f\u00e1bricas de chocolate artesanal completam a experi\u00eancia t\u00edpica da Serra Ga\u00facha.<\/p>\n\n\n\n<p>Al\u00e9m da heran\u00e7a cultural, a cidade se destaca pela forte voca\u00e7\u00e3o tur\u00edstica. Eventos como o Natal Luz, que ilumina ruas e promove espet\u00e1culos tem\u00e1ticos no fim do ano, e o Festival de Cinema de Gramado, um dos mais tradicionais do Brasil, movimentam a economia local e atraem milhares de visitantes anualmente.<\/p>\n\n\n\n<p>Hoje, Gramado \u00e9 s\u00edmbolo de planejamento, hospitalidade e valoriza\u00e7\u00e3o das ra\u00edzes hist\u00f3ricas. Ao unir tradi\u00e7\u00e3o europeia com identidade brasileira, o munic\u00edpio se consolidou como um dos destinos mais encantadores do pa\u00eds, oferecendo paisagens deslumbrantes, boa gastronomia e uma atmosfera rom\u00e2ntica que conquista quem passa por l\u00e1.<\/p>\n\n\n\n<h2 class=\"wp-block-heading\">Roteiro imperd\u00edvel: atra\u00e7\u00f5es para todos os estilos de viajantes<\/h2>\n\n\n\n<p>Gramado oferece uma grande variedade de passeios, que v\u00e3o desde caminhadas pelo Lago Negro e visitas ao Mini Mundo at\u00e9 tours por museus tem\u00e1ticos, como o Museu de Cera e o Hollywood Dream Cars. A Rua Coberta e a Avenida Borges de Medeiros concentram lojas, caf\u00e9s e restaurantes charmosos, ideais para aproveitar o clima da cidade em qualquer \u00e9poca do ano.<\/p>\n\n\n\n<p>Para quem busca experi\u00eancias gastron\u00f4micas, os tradicionais caf\u00e9s coloniais e as sequ\u00eancias de fondue s\u00e3o paradas obrigat\u00f3rias, especialmente no inverno. J\u00e1 os amantes da natureza podem explorar parques como o Le Jardin e o Snowland \u2014 parque de neve indoor \u2014 al\u00e9m de aproveitar a proximidade com Canela para conhecer a imponente Catedral de Pedra e a Cascata do Caracol.<\/p>\n\n\n\n<p><\/p>\n","protected":false},"excerpt":{"rendered":"<p>Localizada na Serra Ga\u00facha, no Rio Grande do Sul, Gramado \u00e9 frequentemente chamada de \u201cpequena Europa brasileira\u201d por sua forte influ\u00eancia cultural alem\u00e3 e italiana. A cidade come\u00e7ou a se desenvolver a partir da chegada de imigrantes europeus no s\u00e9culo XIX, que deixaram marcas profundas na arquitetura, na gastronomia e nos costumes locais. Casas em [&hellip;]<\/p>\n","protected":false},"author":4,"featured_media":7908,"comment_status":"open","ping_status":"open","sticky":false,"template":"","format":"standard","meta":{"jnews-multi-image_gallery":[],"jnews_single_post":{"format":"standard"},"jnews_primary_category":[],"jnews_social_meta":[],"jnews_post_split":[],"footnotes":""},"categories":[1],"tags":[],"class_list":["post-17131","post","type-post","status-publish","format-standard","has-post-thumbnail","hentry","category-uncategorized"],"_links":{"self":[{"href":"https:\/\/diariodepernambuco.audiencelabs.com.br\/wp-json\/wp\/v2\/posts\/17131","targetHints":{"allow":["GET"]}}],"collection":[{"href":"https:\/\/diariodepernambuco.audiencelabs.com.br\/wp-json\/wp\/v2\/posts"}],"about":[{"href":"https:\/\/diariodepernambuco.audiencelabs.com.br\/wp-json\/wp\/v2\/types\/post"}],"author":[{"embeddable":true,"href":"https:\/\/diariodepernambuco.audiencelabs.com.br\/wp-json\/wp\/v2\/users\/4"}],"replies":[{"embeddable":true,"href":"https:\/\/diariodepernambuco.audiencelabs.com.br\/wp-json\/wp\/v2\/comments?post=17131"}],"version-history":[{"count":3,"href":"https:\/\/diariodepernambuco.audiencelabs.com.br\/wp-json\/wp\/v2\/posts\/17131\/revisions"}],"predecessor-version":[{"id":17136,"href":"https:\/\/diariodepernambuco.audiencelabs.com.br\/wp-json\/wp\/v2\/posts\/17131\/revisions\/17136"}],"wp:featuredmedia":[{"embeddable":true,"href":"https:\/\/diariodepernambuco.audiencelabs.com.br\/wp-json\/wp\/v2\/media\/7908"}],"wp:attachment":[{"href":"https:\/\/diariodepernambuco.audiencelabs.com.br\/wp-json\/wp\/v2\/media?parent=17131"}],"wp:term":[{"taxonomy":"category","embeddable":true,"href":"https:\/\/diariodepernambuco.audiencelabs.com.br\/wp-json\/wp\/v2\/categories?post=17131"},{"taxonomy":"post_tag","embeddable":true,"href":"https:\/\/diariodepernambuco.audiencelabs.com.br\/wp-json\/wp\/v2\/tags?post=17131"}],"curies":[{"name":"wp","href":"https:\/\/api.w.org\/{rel}","templated":true}]}}