{"id":17356,"date":"2026-02-12T12:49:09","date_gmt":"2026-02-12T15:49:09","guid":{"rendered":"https:\/\/diariodepernambuco.audiencelabs.com.br\/?p=17356"},"modified":"2026-02-12T17:49:34","modified_gmt":"2026-02-12T20:49:34","slug":"lei-aprovada-vai-dar-novo-beneficio-de-graca-aos-brasileiros-em-2026","status":"publish","type":"post","link":"https:\/\/diariodepernambuco.audiencelabs.com.br\/lei-aprovada-vai-dar-novo-beneficio-de-graca-aos-brasileiros-em-2026\/","title":{"rendered":"Lei aprovada vai dar novo benef\u00edcio de gra\u00e7a aos brasileiros em 2026"},"content":{"rendered":"\n<p>Uma nova lei sancionada nesta semana garante a distribui\u00e7\u00e3o gratuita de um item essencial para parte dos estudantes da rede p\u00fablica em 2026. A medida j\u00e1 est\u00e1 em vigor a partir desta quinta-feira (12) e vale para todas as escolas da Rede Estadual de Ensino de S\u00e3o Paulo, beneficiando diretamente alunos diagnosticados com Transtorno do Espectro Autista (TEA).<\/p>\n\n\n\n<p>De acordo com informa\u00e7\u00f5es divulgadas pelo portal BS9, o governador Tarc\u00edsio de Freitas sancionou, na \u00faltima ter\u00e7a-feira (10), a Lei n\u00ba 18.398\/2026. A nova norma autoriza o fornecimento gratuito de protetores auriculares para estudantes com TEA matriculados na rede estadual. O objetivo \u00e9 oferecer melhores condi\u00e7\u00f5es de aprendizado e promover mais inclus\u00e3o dentro das salas de aula.<\/p>\n\n\n\n<p>Os protetores auriculares contam com tecnologia assistiva e s\u00e3o desenvolvidos para reduzir est\u00edmulos auditivos excessivos, ajudando a minimizar a hipersensibilidade sonora \u2014 uma caracter\u00edstica comum em muitas pessoas dentro do espectro. Com isso, a expectativa \u00e9 melhorar o bem-estar dos alunos e favorecer seu desempenho escolar.<\/p>\n\n\n\n<p>O texto da lei tamb\u00e9m prev\u00ea que o Poder Executivo poder\u00e1 firmar parcerias com institui\u00e7\u00f5es especializadas e empresas privadas para viabilizar a compra e distribui\u00e7\u00e3o dos equipamentos. Assim, os estudantes com TEA receber\u00e3o os protetores de forma totalmente gratuita, trazendo mais tranquilidade para as fam\u00edlias e refor\u00e7ando o compromisso com a educa\u00e7\u00e3o inclusiva no estado.<\/p>\n\n\n\n<h2 class=\"wp-block-heading\">Lei refor\u00e7a inclus\u00e3o e apoio \u00e0s fam\u00edlias<\/h2>\n\n\n\n<p>A iniciativa representa um avan\u00e7o importante nas pol\u00edticas p\u00fablicas voltadas \u00e0 inclus\u00e3o escolar, ao reconhecer as necessidades espec\u00edficas de alunos com Transtorno do Espectro Autista. Ao oferecer gratuitamente um recurso de tecnologia assistiva, o Estado contribui para um ambiente mais adaptado, acolhedor e prop\u00edcio ao desenvolvimento educacional.<\/p>\n\n\n\n<p>Al\u00e9m de beneficiar diretamente os estudantes, a medida tamb\u00e9m traz mais seguran\u00e7a e tranquilidade para pais e respons\u00e1veis. Com suporte adequado dentro da escola, as fam\u00edlias passam a contar com uma rede de apoio mais estruturada, fortalecendo o v\u00ednculo entre educa\u00e7\u00e3o, bem-estar e inclus\u00e3o social.<\/p>\n\n\n\n<p><\/p>\n","protected":false},"excerpt":{"rendered":"<p>Uma nova lei sancionada nesta semana garante a distribui\u00e7\u00e3o gratuita de um item essencial para parte dos estudantes da rede p\u00fablica em 2026. A medida j\u00e1 est\u00e1 em vigor a partir desta quinta-feira (12) e vale para todas as escolas da Rede Estadual de Ensino de S\u00e3o Paulo, beneficiando diretamente alunos diagnosticados com Transtorno do [&hellip;]<\/p>\n","protected":false},"author":4,"featured_media":8987,"comment_status":"open","ping_status":"open","sticky":false,"template":"","format":"standard","meta":{"jnews-multi-image_gallery":[],"jnews_single_post":{"format":"standard"},"jnews_primary_category":[],"jnews_social_meta":[],"jnews_post_split":[],"footnotes":""},"categories":[1],"tags":[],"class_list":["post-17356","post","type-post","status-publish","format-standard","has-post-thumbnail","hentry","category-uncategorized"],"_links":{"self":[{"href":"https:\/\/diariodepernambuco.audiencelabs.com.br\/wp-json\/wp\/v2\/posts\/17356","targetHints":{"allow":["GET"]}}],"collection":[{"href":"https:\/\/diariodepernambuco.audiencelabs.com.br\/wp-json\/wp\/v2\/posts"}],"about":[{"href":"https:\/\/diariodepernambuco.audiencelabs.com.br\/wp-json\/wp\/v2\/types\/post"}],"author":[{"embeddable":true,"href":"https:\/\/diariodepernambuco.audiencelabs.com.br\/wp-json\/wp\/v2\/users\/4"}],"replies":[{"embeddable":true,"href":"https:\/\/diariodepernambuco.audiencelabs.com.br\/wp-json\/wp\/v2\/comments?post=17356"}],"version-history":[{"count":2,"href":"https:\/\/diariodepernambuco.audiencelabs.com.br\/wp-json\/wp\/v2\/posts\/17356\/revisions"}],"predecessor-version":[{"id":17484,"href":"https:\/\/diariodepernambuco.audiencelabs.com.br\/wp-json\/wp\/v2\/posts\/17356\/revisions\/17484"}],"wp:featuredmedia":[{"embeddable":true,"href":"https:\/\/diariodepernambuco.audiencelabs.com.br\/wp-json\/wp\/v2\/media\/8987"}],"wp:attachment":[{"href":"https:\/\/diariodepernambuco.audiencelabs.com.br\/wp-json\/wp\/v2\/media?parent=17356"}],"wp:term":[{"taxonomy":"category","embeddable":true,"href":"https:\/\/diariodepernambuco.audiencelabs.com.br\/wp-json\/wp\/v2\/categories?post=17356"},{"taxonomy":"post_tag","embeddable":true,"href":"https:\/\/diariodepernambuco.audiencelabs.com.br\/wp-json\/wp\/v2\/tags?post=17356"}],"curies":[{"name":"wp","href":"https:\/\/api.w.org\/{rel}","templated":true}]}}