{"id":17386,"date":"2026-02-13T09:07:00","date_gmt":"2026-02-13T12:07:00","guid":{"rendered":"https:\/\/diariodepernambuco.audiencelabs.com.br\/?p=17386"},"modified":"2026-02-12T14:18:21","modified_gmt":"2026-02-12T17:18:21","slug":"carro-mais-vendido-do-pais-em-janeiro-de-2026-surpreende-brasileiros","status":"publish","type":"post","link":"https:\/\/diariodepernambuco.audiencelabs.com.br\/carro-mais-vendido-do-pais-em-janeiro-de-2026-surpreende-brasileiros\/","title":{"rendered":"Carro mais vendido do pa\u00eds em janeiro de 2026 surpreende brasileiros"},"content":{"rendered":"\n<p>As vendas de autom\u00f3veis no varejo em janeiro de 2026 foram dominadas pelos SUVs, conforme aponta o Informativo de Emplacamentos da Fenabrave, divulgado em fevereiro. O relat\u00f3rio considera exclusivamente as comercializa\u00e7\u00f5es feitas ao consumidor final, desconsiderando vendas diretas entre CNPJs e negocia\u00e7\u00f5es destinadas a pessoas com defici\u00eancia (PCDs).<\/p>\n\n\n\n<p>O Hyundai Creta liderou o ranking mensal no varejo, com 3.905 unidades emplacadas. Na sequ\u00eancia aparecem o Chevrolet Tracker, com 3.685 registros, e o Volkswagen Tera, que somou 3.665 unidades, segundo dados oficiais da entidade. Entre os dez modelos mais vendidos no per\u00edodo, sete pertencem \u00e0 categoria dos utilit\u00e1rios esportivos.<\/p>\n\n\n\n<p>Al\u00e9m de Creta, Tracker e Tera, o ranking tamb\u00e9m inclui o BYD Song, com 3.207 unidades vendidas, o Volkswagen Nivus, com 2.631, e o Jeep Compass, que alcan\u00e7ou 1.882 emplacamentos. J\u00e1 o Volkswagen T-Cross, que tradicionalmente lidera o segmento, aparece apenas na 11\u00aa coloca\u00e7\u00e3o no varejo, com 2.578 unidades.<\/p>\n\n\n\n<p>Mesmo com o predom\u00ednio dos SUVs, os modelos compactos seguem relevantes nas vendas ao consumidor final. O Volkswagen Polo contabilizou 3.066 unidades, garantindo a sexta posi\u00e7\u00e3o no ranking geral, enquanto o Hyundai HB20 registrou 3.122 emplacamentos. O Fiat Argo somou 2.148 unidades, e o Fiat Pulse, SUV compacto da marca, fechou o m\u00eas com 2.207 vendas.<\/p>\n\n\n\n<h2 class=\"wp-block-heading\">SUV combina tecnologia, conforto e bom desempenho<\/h2>\n\n\n\n<p>O Hyundai Creta se destaca no segmento de SUVs compactos por oferecer um conjunto equilibrado entre desempenho, tecnologia e conforto. O modelo conta com op\u00e7\u00f5es de motoriza\u00e7\u00e3o eficientes, bom n\u00edvel de estabilidade e dire\u00e7\u00e3o leve, caracter\u00edsticas que agradam tanto no uso urbano quanto em viagens. O porta-malas espa\u00e7oso e a posi\u00e7\u00e3o de dirigir elevada tamb\u00e9m s\u00e3o pontos valorizados.<\/p>\n\n\n\n<p>Al\u00e9m disso, o Creta chama aten\u00e7\u00e3o pelo pacote tecnol\u00f3gico, que inclui central multim\u00eddia com conectividade para smartphones, painel digital nas vers\u00f5es mais completas e diversos recursos de seguran\u00e7a, como controle de estabilidade, assistente de partida em rampa e m\u00faltiplos airbags. O design moderno e a lista ampla de equipamentos ajudam a explicar a lideran\u00e7a do modelo nas vendas do varejo.<\/p>\n\n\n\n<p><\/p>\n","protected":false},"excerpt":{"rendered":"<p>As vendas de autom\u00f3veis no varejo em janeiro de 2026 foram dominadas pelos SUVs, conforme aponta o Informativo de Emplacamentos da Fenabrave, divulgado em fevereiro. O relat\u00f3rio considera exclusivamente as comercializa\u00e7\u00f5es feitas ao consumidor final, desconsiderando vendas diretas entre CNPJs e negocia\u00e7\u00f5es destinadas a pessoas com defici\u00eancia (PCDs). O Hyundai Creta liderou o ranking mensal [&hellip;]<\/p>\n","protected":false},"author":4,"featured_media":17387,"comment_status":"open","ping_status":"open","sticky":false,"template":"","format":"standard","meta":{"jnews-multi-image_gallery":[],"jnews_single_post":{"format":"standard"},"jnews_primary_category":[],"jnews_social_meta":[],"jnews_post_split":[],"footnotes":""},"categories":[1],"tags":[],"class_list":["post-17386","post","type-post","status-publish","format-standard","has-post-thumbnail","hentry","category-uncategorized"],"_links":{"self":[{"href":"https:\/\/diariodepernambuco.audiencelabs.com.br\/wp-json\/wp\/v2\/posts\/17386","targetHints":{"allow":["GET"]}}],"collection":[{"href":"https:\/\/diariodepernambuco.audiencelabs.com.br\/wp-json\/wp\/v2\/posts"}],"about":[{"href":"https:\/\/diariodepernambuco.audiencelabs.com.br\/wp-json\/wp\/v2\/types\/post"}],"author":[{"embeddable":true,"href":"https:\/\/diariodepernambuco.audiencelabs.com.br\/wp-json\/wp\/v2\/users\/4"}],"replies":[{"embeddable":true,"href":"https:\/\/diariodepernambuco.audiencelabs.com.br\/wp-json\/wp\/v2\/comments?post=17386"}],"version-history":[{"count":2,"href":"https:\/\/diariodepernambuco.audiencelabs.com.br\/wp-json\/wp\/v2\/posts\/17386\/revisions"}],"predecessor-version":[{"id":17390,"href":"https:\/\/diariodepernambuco.audiencelabs.com.br\/wp-json\/wp\/v2\/posts\/17386\/revisions\/17390"}],"wp:featuredmedia":[{"embeddable":true,"href":"https:\/\/diariodepernambuco.audiencelabs.com.br\/wp-json\/wp\/v2\/media\/17387"}],"wp:attachment":[{"href":"https:\/\/diariodepernambuco.audiencelabs.com.br\/wp-json\/wp\/v2\/media?parent=17386"}],"wp:term":[{"taxonomy":"category","embeddable":true,"href":"https:\/\/diariodepernambuco.audiencelabs.com.br\/wp-json\/wp\/v2\/categories?post=17386"},{"taxonomy":"post_tag","embeddable":true,"href":"https:\/\/diariodepernambuco.audiencelabs.com.br\/wp-json\/wp\/v2\/tags?post=17386"}],"curies":[{"name":"wp","href":"https:\/\/api.w.org\/{rel}","templated":true}]}}