{"id":17524,"date":"2026-02-25T09:32:00","date_gmt":"2026-02-25T12:32:00","guid":{"rendered":"https:\/\/diariodepernambuco.audiencelabs.com.br\/?p=17524"},"modified":"2026-02-25T13:52:42","modified_gmt":"2026-02-25T16:52:42","slug":"lei-aprovada-muda-ferias-dos-trabalhadores-no-brasil-apos-aprovacao-na-maior-cidade-do-pais","status":"publish","type":"post","link":"https:\/\/diariodepernambuco.audiencelabs.com.br\/lei-aprovada-muda-ferias-dos-trabalhadores-no-brasil-apos-aprovacao-na-maior-cidade-do-pais\/","title":{"rendered":"Lei aprovada muda f\u00e9rias dos trabalhadores no Brasil ap\u00f3s aprova\u00e7\u00e3o na maior cidade do pa\u00eds"},"content":{"rendered":"<div class=\"flex flex-col text-sm pb-25\">\n<article class=\"text-token-text-primary w-full focus:outline-none [--shadow-height:45px] has-data-writing-block:pointer-events-none has-data-writing-block:-mt-(--shadow-height) has-data-writing-block:pt-(--shadow-height) [&amp;:has([data-writing-block])&gt;*]:pointer-events-auto scroll-mt-[calc(var(--header-height)+min(200px,max(70px,20svh)))]\" dir=\"auto\" data-turn-id=\"request-698a24e0-ee34-832e-b96b-efd72601a712-22\" data-testid=\"conversation-turn-152\" data-scroll-anchor=\"true\" data-turn=\"assistant\">\n<div class=\"text-base my-auto mx-auto pb-10 [--thread-content-margin:--spacing(4)] @w-sm\/main:[--thread-content-margin:--spacing(6)] @w-lg\/main:[--thread-content-margin:--spacing(16)] px-(--thread-content-margin)\">\n<div class=\"[--thread-content-max-width:40rem] @w-lg\/main:[--thread-content-max-width:48rem] mx-auto max-w-(--thread-content-max-width) flex-1 group\/turn-messages focus-visible:outline-hidden relative flex w-full min-w-0 flex-col agent-turn\">\n<div class=\"flex max-w-full flex-col grow\">\n<div class=\"min-h-8 text-message relative flex w-full flex-col items-end gap-2 text-start break-words whitespace-normal [.text-message+&amp;]:mt-1\" dir=\"auto\" data-message-author-role=\"assistant\" data-message-id=\"ca77ef23-fe02-46e9-92b8-d7e1d20208eb\" data-message-model-slug=\"gpt-5-2\">\n<div class=\"flex w-full flex-col gap-1 empty:hidden first:pt-[1px]\">\n<div class=\"markdown prose dark:prose-invert w-full wrap-break-word light markdown-new-styling\">\n<p data-start=\"75\" data-end=\"397\">Uma mudan&ccedil;a recente na legisla&ccedil;&atilde;o estadual de S&atilde;o Paulo trouxe novas diretrizes sobre o per&iacute;odo de f&eacute;rias dos servidores p&uacute;blicos. O governador Tarc&iacute;sio de Freitas sancionou a Lei Complementar n&ordm; 1.437\/25, que redefine a forma como o descanso anual pode ser acumulado e organizado dentro da administra&ccedil;&atilde;o p&uacute;blica estadual.<\/p>\n<p data-start=\"399\" data-end=\"624\">A principal altera&ccedil;&atilde;o impede que f&eacute;rias sejam acumuladas por mais de dois anos seguidos. A partir de agora, o ac&uacute;mulo s&oacute; ser&aacute; permitido em situa&ccedil;&otilde;es excepcionais, quando houver justificativa formal por necessidade do servi&ccedil;o.<\/p>\n<h2 data-start=\"626\" data-end=\"651\">O que muda na pr&aacute;tica?<\/h2>\n<p data-start=\"653\" data-end=\"890\">Com a nova regra, os &oacute;rg&atilde;os estaduais dever&atilde;o planejar com mais rigor a escala de f&eacute;rias dos servidores. Caso o pedido de descanso seja negado por demanda do setor, essa decis&atilde;o precisar&aacute; respeitar os limites estabelecidos na legisla&ccedil;&atilde;o.<\/p>\n<p data-start=\"892\" data-end=\"1182\">Outro ponto importante &eacute; que o per&iacute;odo de f&eacute;rias poder&aacute; ser dividido em at&eacute; tr&ecirc;s etapas, modelo que j&aacute; vinha sendo adotado em outras esferas. A lei tamb&eacute;m mant&eacute;m o pagamento do adicional constitucional de um ter&ccedil;o sobre a remunera&ccedil;&atilde;o, ajustando o benef&iacute;cio ao novo formato de fracionamento.<\/p>\n<h2 data-start=\"1184\" data-end=\"1211\">Planejamento antecipado<\/h2>\n<p data-start=\"1213\" data-end=\"1414\">O texto determina que a programa&ccedil;&atilde;o das f&eacute;rias do ano seguinte seja organizada no m&ecirc;s de dezembro. Ainda assim, o respons&aacute;vel pela unidade poder&aacute; alterar o cronograma se surgir necessidade operacional.<\/p>\n<p data-start=\"1416\" data-end=\"1534\">A proposta busca equilibrar previsibilidade administrativa com flexibilidade para atender demandas do servi&ccedil;o p&uacute;blico.<\/p>\n<h2 data-start=\"1536\" data-end=\"1567\">Quem &eacute; afetado pela mudan&ccedil;a?<\/h2>\n<p data-start=\"1569\" data-end=\"1794\">As novas regras valem exclusivamente para servidores p&uacute;blicos estaduais de S&atilde;o Paulo. Trabalhadores do setor privado, contratados sob o regime da Consolida&ccedil;&atilde;o das Leis do Trabalho (CLT), continuam seguindo as normas federais.<\/p>\n<p data-start=\"1796\" data-end=\"2088\" data-is-last-node=\"\" data-is-only-node=\"\">Pela CLT, todo empregado com carteira assinada tem direito a 30 dias de f&eacute;rias ap&oacute;s 12 meses de trabalho. O per&iacute;odo pode ser dividido em at&eacute; tr&ecirc;s partes, inclui o pagamento de um ter&ccedil;o adicional sobre o sal&aacute;rio e permite a venda de at&eacute; 10 dias do descanso, caso o trabalhador opte pelo abono.<\/p>\n<\/div>\n<\/div>\n<\/div>\n<\/div>\n<div class=\"z-0 flex min-h-[46px] justify-start\">&nbsp;<\/div>\n<div class=\"mt-3 w-full empty:hidden\">\n<div class=\"text-center\">&nbsp;<\/div>\n<\/div>\n<\/div>\n<\/div>\n<\/article>\n<\/div>\n<div class=\"pointer-events-none h-px w-px absolute bottom-0\" aria-hidden=\"true\" data-edge=\"true\">&nbsp;<\/div>\n","protected":false},"excerpt":{"rendered":"<p>Uma mudan&ccedil;a recente na legisla&ccedil;&atilde;o estadual de S&atilde;o Paulo trouxe novas diretrizes sobre o per&iacute;odo de f&eacute;rias dos servidores p&uacute;blicos. O governador Tarc&iacute;sio de Freitas sancionou a Lei Complementar n&ordm; 1.437\/25, que redefine a forma como o descanso anual pode ser acumulado e organizado dentro da administra&ccedil;&atilde;o p&uacute;blica estadual. A principal altera&ccedil;&atilde;o impede que f&eacute;rias [&hellip;]<\/p>\n","protected":false},"author":18,"featured_media":18878,"comment_status":"open","ping_status":"open","sticky":false,"template":"","format":"standard","meta":{"jnews-multi-image_gallery":[],"jnews_single_post":{"format":"standard"},"jnews_primary_category":[],"jnews_social_meta":[],"jnews_post_split":[],"footnotes":""},"categories":[1],"tags":[],"class_list":["post-17524","post","type-post","status-publish","format-standard","has-post-thumbnail","hentry","category-uncategorized"],"_links":{"self":[{"href":"https:\/\/diariodepernambuco.audiencelabs.com.br\/wp-json\/wp\/v2\/posts\/17524","targetHints":{"allow":["GET"]}}],"collection":[{"href":"https:\/\/diariodepernambuco.audiencelabs.com.br\/wp-json\/wp\/v2\/posts"}],"about":[{"href":"https:\/\/diariodepernambuco.audiencelabs.com.br\/wp-json\/wp\/v2\/types\/post"}],"author":[{"embeddable":true,"href":"https:\/\/diariodepernambuco.audiencelabs.com.br\/wp-json\/wp\/v2\/users\/18"}],"replies":[{"embeddable":true,"href":"https:\/\/diariodepernambuco.audiencelabs.com.br\/wp-json\/wp\/v2\/comments?post=17524"}],"version-history":[{"count":2,"href":"https:\/\/diariodepernambuco.audiencelabs.com.br\/wp-json\/wp\/v2\/posts\/17524\/revisions"}],"predecessor-version":[{"id":18879,"href":"https:\/\/diariodepernambuco.audiencelabs.com.br\/wp-json\/wp\/v2\/posts\/17524\/revisions\/18879"}],"wp:featuredmedia":[{"embeddable":true,"href":"https:\/\/diariodepernambuco.audiencelabs.com.br\/wp-json\/wp\/v2\/media\/18878"}],"wp:attachment":[{"href":"https:\/\/diariodepernambuco.audiencelabs.com.br\/wp-json\/wp\/v2\/media?parent=17524"}],"wp:term":[{"taxonomy":"category","embeddable":true,"href":"https:\/\/diariodepernambuco.audiencelabs.com.br\/wp-json\/wp\/v2\/categories?post=17524"},{"taxonomy":"post_tag","embeddable":true,"href":"https:\/\/diariodepernambuco.audiencelabs.com.br\/wp-json\/wp\/v2\/tags?post=17524"}],"curies":[{"name":"wp","href":"https:\/\/api.w.org\/{rel}","templated":true}]}}