{"id":17538,"date":"2026-02-13T12:04:24","date_gmt":"2026-02-13T15:04:24","guid":{"rendered":"https:\/\/diariodepernambuco.audiencelabs.com.br\/?p=17538"},"modified":"2026-02-13T18:47:54","modified_gmt":"2026-02-13T21:47:54","slug":"fim-do-licenciamento-veicular-pagamento-pode-chegar-ao-fim","status":"publish","type":"post","link":"https:\/\/diariodepernambuco.audiencelabs.com.br\/fim-do-licenciamento-veicular-pagamento-pode-chegar-ao-fim\/","title":{"rendered":"Fim do licenciamento veicular: pagamento pode chegar ao fim"},"content":{"rendered":"\n<p>Uma proposta apresentada no Senado pode acabar com a cobran\u00e7a pelo licenciamento anual de ve\u00edculos no Brasil. De acordo com informa\u00e7\u00f5es divulgadas pela R\u00e1dio Senado em 11 de fevereiro, o senador Cleitinho (Republicanos-MG) protocolou o Projeto de Lei 310\/2026, que prev\u00ea o fim da taxa, tarifa ou pre\u00e7o p\u00fablico para a emiss\u00e3o do Certificado de Licenciamento Anual.<\/p>\n\n\n\n<p>Pelo texto, al\u00e9m da gratuidade, o documento passaria a ser emitido exclusivamente em formato digital. O propriet\u00e1rio do ve\u00edculo poderia fazer o download e imprimir o certificado por conta pr\u00f3pria, sem necessidade de pagar pela emiss\u00e3o. A medida busca reduzir custos para os motoristas e simplificar o acesso ao documento obrigat\u00f3rio.<\/p>\n\n\n\n<p>O Certificado de Licenciamento Anual comprova que o ve\u00edculo est\u00e1 regularizado e apto a circular, ap\u00f3s o pagamento de tributos e eventuais multas. Caso a proposta avance, o motorista continuaria obrigado a quitar d\u00e9bitos como IPVA e multas, mas n\u00e3o pagaria mais pela emiss\u00e3o do documento em si.<\/p>\n\n\n\n<p>O projeto ainda ser\u00e1 analisado pelas comiss\u00f5es tem\u00e1ticas do Senado antes de seguir para vota\u00e7\u00e3o. Se aprovado, poder\u00e1 representar uma mudan\u00e7a significativa na rotina dos propriet\u00e1rios de ve\u00edculos, que atualmente precisam arcar com a taxa de licenciamento para manter a documenta\u00e7\u00e3o em dia.<\/p>\n\n\n\n<h2 class=\"wp-block-heading\">Proposta ainda precisa avan\u00e7ar no Congresso<\/h2>\n\n\n<style>@media (min-width: 992px) {\n    .recomendadorV2Area1 {\n        width: 280px;\n    }\n    .recomendadorV2Area2 {\n        padding: 0px 20px;\n        width: calc(100% - 280px);\n    }\n}\n\n@media (max-width: 992px) {\n    .recomendadorV2Button {\n        margin: 0 auto;\n    }\n    .recomendadorV2Area {\n        flex-direction: column;\n        text-align: center;\n    }\n    .recomendadorV2Area2 {\n        padding: 0px 20px;\n    }\n}\n\n.recomendadorV2Area {\n    background: #eeeeee3d;\n    border-radius: 10px;\n    padding: 15px;\n    display: flex;\n    margin: 15px auto;\n    border: 1px solid #00000014;\n    max-width: 800px;\n}\n\n.recomendadorV2Area1 img {\n    width: 280px;\n    height: auto;\n    border-radius: 8px;\n}\n\n.linkrecomendadorv2 {\n    text-decoration: none !important;\n}\n\n.recomendadorV2Area2 .recomendadorV2Type {\n    text-transform: uppercase;\n    font-weight: 500;\n    font-size: 11px;\n    letter-spacing: 2px;\n    color: #666;\n    margin: 12px 0;\n    display: block;\n}\n\n.recomendadorV2Title h2 {\n    padding-top: 0px !important;\n    margin: 0px !important;\n    border-left: none !important;\n    padding-left: 0px !important;\n    line-height: 1.3;\n    color: #000 !important;\n    font-size: 24px;\n    margin-bottom: 12px !important;\n}\n\n.recomendadorV2Desc {\n    color: #333;\n    margin: 12px 0px !important;\n    font-size: 15px;\n    line-height: 1.5;\n}\n\n.recomendadorV2Button {\n    width: auto;\n    max-width: 200px;\n    margin: 0;\n    display: inline-flex;\n    align-items: center;\n    background: #1D3557;\n    border-radius: 8px;\n    color: #fff;\n    height: 36px;\n    justify-content: center;\n    text-align: center;\n    font-size: 14px;\n    padding: 0 20px;\n    transition: background-color 0.2s ease;\n}\n\n.recomendadorV2Button:hover {\n    background: #2a4d7a;\n}\n\n.recomendadorV2Button:after {\n    margin-top: -2px;\n    content: \"\u2192\";\n    padding: 0px 0px 0px 8px;\n}\n\n.recomendadorV2Alert {\n    text-align: left;\n    font-size: 11px;\n    margin-top: 8px;\n    color: #666;\n}\n\n.recomendadorFixedArea {\n    width: 100%;\n    display: flex;\n    justify-content: center;\n    align-items: center;\n}\n\n@media (min-width: 992px) {\n    #recomendadorFixed {\n        width: 32% !important;\n        left: 5%;\n    }\n    .recomendadorCloseFixed{\n        right: inherit !important;\n        left: 378px !important;\n    }\n}\n\n#recomendadorFixed {\n    width: 90%;\n    box-shadow: 0 10px 20px 0px #00000057;\n    display: none;\n    height: 90px;\n    background: #F6F6F6;\n    position: fixed;\n    flex-direction: row;\n    bottom: 10px;\n    z-index: 9999;\n    border-radius: 16px;\n    padding: 7px 10px;\n}\n\n.recomendadorLeftArea {\n    width: 160px;\n}\n\n.recomendadorRightArea h2 {\n    padding-top: 0px;\n    margin: 2px 0px 4px 0px !important;\n    font-weight: 400;\n    text-align: center;\n    padding-left: 0px !important;\n    color: #000 !important;\n    border-left: none !important;\n    line-height: 20px;\n    font-size: 12px !important;\n}\n\n.recomendadorImgFixed {\n    overflow: hidden;\n    padding: 8px 6px;\n    height: 100%;\n}\n\n.recomendadorImgFixed img {\n    height: 100% !important;\n    border-radius: 16px;\n}\n\n.recomendadorRightArea {\n    padding-top: 6px;\n    display: flex;\n    width: calc(100% - 130px);\n    justify-content: space-between;\n    align-items: center;\n    flex-direction: column;\n}\n\n.recomendadorButtonFixed {\n    margin: 0 auto;\n    background: #1D3557;\n    width: 80%;\n    text-align: center;\n    font-size: 10px;\n    color: #FFF;\n    padding: 2px 10px;\n    border-radius: 3px;\n}\n\n.recomendadorButtonFixed:after {\n    margin-top: -3px;\n    content: \"\u2192\";\n    padding: 0px 0px 0px 10px;\n}\n\n.recomendadorAlertFixed {\n    font-weight: 400;\n    text-align: center;\n    color: #484848;\n    font-size: 8px;\n}\n\n.recomendadorCloseFixed {\n    z-index: 99999;\n    display: none;\n    right: 0px;\n    left: inherit;\n    bottom: 99px;\n    position: fixed;\n    justify-content: center;\n    background: #F6F6F6;\n    width: 25px;\n    align-items: center;\n    height: 25px;\n    font-weight: 800;\n    border-radius: 50%;\n    border: 1px solid #EBEBEB;\n}\n\n.recomendadorV2Desc{\n    color: #000000;\n    margin: 20px 0px;\n}\n\n@media (max-width: 576px) {\n    .recomendadorV2Area {\n      padding: 10px;\n      max-width: 100%;\n    }\n  \n    .recomendadorV2Area1 img {\n      width: 100%;\n      border-radius: 6px;\n    }\n  \n    .recomendadorV2Area2 .recomendadorV2Type {\n      font-size: 9px;\n      letter-spacing: 1px;\n      margin: 8px 0;\n    }\n  \n    .recomendadorV2Title h2 {\n      font-size: 18px !important;\n      margin-bottom: 8px !important;\n      line-height: 1.2;\n    }\n  \n    .recomendadorV2Desc {\n      font-size: 14px;\n      margin: 8px 0 !important;\n      line-height: 1.4;\n    }\n  \n    .recomendadorV2Button {\n      font-size: 12px;\n      height: 30px;\n      padding: 0 12px;\n      max-width: 160px;\n    }\n  \n    .recomendadorV2Button:after {\n      padding-left: 6px;\n    }\n  }\n  <\/style>\n        <div class=\"lazyblock-recomendador-v2-2jDGz wp-block-lazyblock-recomendador-v2\">\n        <a class=\"linkrecomendadorv2\" href=\"https:\/\/diariodepernambuco.com.br\/dpmais\/lei-vai-mudar-regras-para-estacionamentos-nos-shoppings-e-brasileiros-ganham-novo-presente\/?utm_source=lazy\" target=\"_blank\" rel=\"noopener\">\n            <div class=\"recomendadorV2Area\">\n            <div class=\"recomendadorV2Area1\">\n                <div class=\"recomendadorV2Img\">\n                <img class=\"lazyloaded\" decoding=\"async\" src=\"https:\/\/diariodepernambuco.com.br\/dpmais\/wp-content\/uploads\/2026\/02\/Estacionamento-Shopping-600x375.jpg\" data-src=\"https:\/\/diariodepernambuco.com.br\/dpmais\/wp-content\/uploads\/2026\/02\/Estacionamento-Shopping-600x375.jpg\" alt=\"\">\n                <\/div>\n            <\/div>\n            <div class=\"recomendadorV2Area2\">\n                <div class=\"recomendadorV2Type\">\n                    <span>Nova Regra<\/span>\n                <\/div>\n                <div class=\"recomendadorV2Title\">\n                <h2><span>Estacionamento \ud83c\udd7f\ufe0f<\/span><\/h2>\n                <\/div>\n                <div class=\"recomendadorV2Desc\">\n                <span>Lei muda regras em shoppings<\/span>\n                <\/div>\n                <div class=\"recomendadorV2Button\">Entenda mudan\u00e7a<\/div>\n                <div class=\"recomendadorV2Alert\"><\/div>\n            <\/div>\n            <\/div>\n        <\/a>\n        <div>\n            <div style=\"z-index:99999;\" id=\"buttonClose\" onclick=\"closeRecomendadorFixed()\">\n            <div class=\"recomendadorCloseFixed\">X<\/div>\n            <\/div>\n            <a href=\"https:\/\/diariodepernambuco.com.br\/dpmais\/lei-vai-mudar-regras-para-estacionamentos-nos-shoppings-e-brasileiros-ganham-novo-presente\/?utm_source=lazy\" target=\"_blank\" rel=\"noopener\">\n            <div class=\"recomendadorFixedArea\">\n                <div id=\"recomendadorFixed\">\n                <div class=\"recomendadorLeftArea\">\n                    <div class=\"recomendadorImgFixed\">\n                    <img class=\"lazyload\" decoding=\"async\" src=\"https:\/\/diariodepernambuco.com.br\/dpmais\/wp-content\/uploads\/2026\/02\/Estacionamento-Shopping-600x375.jpg\" alt=\"\">\n                    <\/div>\n                <\/div>\n                <div class=\"recomendadorRightArea\">\n                    <div class=\"recomendadorTitleFixed\">\n                    <h2><span>Estacionamento \ud83c\udd7f\ufe0f<\/span><\/h2>\n                    <\/div>\n                    <div class=\"recomendadorButtonFixed\">Entenda mudan\u00e7a<\/div>\n                    <div class=\"recomendadorAlertFixed\"><\/div>\n                <\/div>\n                <\/div>\n            <\/div>\n            <\/a>\n        <\/div>\n        <\/div>\n\n\n\n<p>Apesar da repercuss\u00e3o, o projeto ainda est\u00e1 no in\u00edcio da tramita\u00e7\u00e3o e precisar\u00e1 passar pelas comiss\u00f5es do Senado antes de seguir para vota\u00e7\u00e3o em plen\u00e1rio. Durante essa etapa, o texto pode sofrer altera\u00e7\u00f5es, receber emendas ou at\u00e9 mesmo ser arquivado, dependendo do entendimento dos parlamentares.<\/p>\n\n\n\n<p>Caso avance e seja aprovado tamb\u00e9m na C\u00e2mara dos Deputados, a medida poder\u00e1 representar economia para milh\u00f5es de motoristas em todo o pa\u00eds. At\u00e9 l\u00e1, por\u00e9m, as regras atuais seguem v\u00e1lidas, e o pagamento da taxa de licenciamento continua sendo exigido para a regulariza\u00e7\u00e3o anual dos ve\u00edculos.<\/p>\n\n\n\n<p><\/p>\n","protected":false},"excerpt":{"rendered":"<p>Uma proposta apresentada no Senado pode acabar com a cobran\u00e7a pelo licenciamento anual de ve\u00edculos no Brasil. De acordo com informa\u00e7\u00f5es divulgadas pela R\u00e1dio Senado em 11 de fevereiro, o senador Cleitinho (Republicanos-MG) protocolou o Projeto de Lei 310\/2026, que prev\u00ea o fim da taxa, tarifa ou pre\u00e7o p\u00fablico para a emiss\u00e3o do Certificado de [&hellip;]<\/p>\n","protected":false},"author":4,"featured_media":17539,"comment_status":"open","ping_status":"open","sticky":false,"template":"","format":"standard","meta":{"jnews-multi-image_gallery":[],"jnews_single_post":{"format":"standard"},"jnews_primary_category":[],"jnews_social_meta":[],"jnews_post_split":[],"footnotes":""},"categories":[1],"tags":[],"class_list":["post-17538","post","type-post","status-publish","format-standard","has-post-thumbnail","hentry","category-uncategorized"],"_links":{"self":[{"href":"https:\/\/diariodepernambuco.audiencelabs.com.br\/wp-json\/wp\/v2\/posts\/17538","targetHints":{"allow":["GET"]}}],"collection":[{"href":"https:\/\/diariodepernambuco.audiencelabs.com.br\/wp-json\/wp\/v2\/posts"}],"about":[{"href":"https:\/\/diariodepernambuco.audiencelabs.com.br\/wp-json\/wp\/v2\/types\/post"}],"author":[{"embeddable":true,"href":"https:\/\/diariodepernambuco.audiencelabs.com.br\/wp-json\/wp\/v2\/users\/4"}],"replies":[{"embeddable":true,"href":"https:\/\/diariodepernambuco.audiencelabs.com.br\/wp-json\/wp\/v2\/comments?post=17538"}],"version-history":[{"count":2,"href":"https:\/\/diariodepernambuco.audiencelabs.com.br\/wp-json\/wp\/v2\/posts\/17538\/revisions"}],"predecessor-version":[{"id":17698,"href":"https:\/\/diariodepernambuco.audiencelabs.com.br\/wp-json\/wp\/v2\/posts\/17538\/revisions\/17698"}],"wp:featuredmedia":[{"embeddable":true,"href":"https:\/\/diariodepernambuco.audiencelabs.com.br\/wp-json\/wp\/v2\/media\/17539"}],"wp:attachment":[{"href":"https:\/\/diariodepernambuco.audiencelabs.com.br\/wp-json\/wp\/v2\/media?parent=17538"}],"wp:term":[{"taxonomy":"category","embeddable":true,"href":"https:\/\/diariodepernambuco.audiencelabs.com.br\/wp-json\/wp\/v2\/categories?post=17538"},{"taxonomy":"post_tag","embeddable":true,"href":"https:\/\/diariodepernambuco.audiencelabs.com.br\/wp-json\/wp\/v2\/tags?post=17538"}],"curies":[{"name":"wp","href":"https:\/\/api.w.org\/{rel}","templated":true}]}}