{"id":17541,"date":"2026-02-13T12:15:35","date_gmt":"2026-02-13T15:15:35","guid":{"rendered":"https:\/\/diariodepernambuco.audiencelabs.com.br\/?p=17541"},"modified":"2026-02-13T18:48:38","modified_gmt":"2026-02-13T21:48:38","slug":"lei-vai-mudar-regras-para-estacionamentos-nos-shoppings-e-brasileiros-ganham-novo-presente","status":"publish","type":"post","link":"https:\/\/diariodepernambuco.audiencelabs.com.br\/lei-vai-mudar-regras-para-estacionamentos-nos-shoppings-e-brasileiros-ganham-novo-presente\/","title":{"rendered":"Lei vai mudar regras para estacionamentos nos shoppings e brasileiros ganham novo presente"},"content":{"rendered":"\n<p>Os estacionamentos de shoppings em um estado brasileiro passar\u00e3o por mudan\u00e7as ap\u00f3s a promulga\u00e7\u00e3o de uma nova lei que amplia a oferta de vagas exclusivas. A medida vai al\u00e9m das j\u00e1 obrigat\u00f3rias vagas destinadas a idosos e pessoas com defici\u00eancia, criando uma nova exig\u00eancia voltada aos ve\u00edculos el\u00e9tricos e h\u00edbridos.<\/p>\n\n\n\n<p>De acordo com informa\u00e7\u00f5es divulgadas pelo portal ALBA, a presidente da Assembleia Legislativa da Bahia promulgou, no dia 28 de janeiro, a Lei n\u00ba 15.120\/2026. A norma determina que, no prazo de at\u00e9 um ano, todos os shoppings de porte m\u00e9dio ou superior no estado dever\u00e3o disponibilizar vagas equipadas com pontos de recarga para ve\u00edculos el\u00e9tricos e h\u00edbridos.<\/p>\n\n\n\n<h2 class=\"wp-block-heading\">Mudan\u00e7a nos estacionamentos dos shoppings<\/h2>\n\n\n\n<p>O projeto \u00e9 de autoria do deputado estadual Angelo Coronel Filho e estabelece que entre 5% e 10% das vagas totais dos estacionamentos sejam destinadas a esse tipo de ve\u00edculo. A regulamenta\u00e7\u00e3o t\u00e9cnica, incluindo padr\u00f5es de instala\u00e7\u00e3o dos carregadores, ficar\u00e1 sob responsabilidade do Poder Executivo. A iniciativa acompanha o crescimento da frota eletrificada na Bahia, um dos estados com maior volume de vendas nesse segmento.<\/p>\n\n\n\n<p>Com a nova regra, os shoppings baianos precisar\u00e3o se adaptar para oferecer estrutura adequada \u00e0 recarga de carros el\u00e9tricos e h\u00edbridos. A medida \u00e9 vista como um incentivo \u00e0 mobilidade sustent\u00e1vel e representa mais uma adequa\u00e7\u00e3o dos espa\u00e7os privados \u00e0s transforma\u00e7\u00f5es do setor automotivo.<\/p>\n\n\n\n<h2 class=\"wp-block-heading\">Medida incentiva mobilidade sustent\u00e1vel no estado<\/h2>\n\n\n\n<p>A cria\u00e7\u00e3o de vagas com pontos de recarga acompanha a expans\u00e3o do mercado de ve\u00edculos el\u00e9tricos e h\u00edbridos no Brasil. Ao exigir essa adapta\u00e7\u00e3o nos shoppings, a nova lei contribui para ampliar a infraestrutura dispon\u00edvel aos motoristas e estimular o uso de tecnologias menos poluentes no dia a dia.<\/p>\n\n\n\n<p>Al\u00e9m de beneficiar os consumidores que j\u00e1 optaram por esse tipo de autom\u00f3vel, a iniciativa tamb\u00e9m sinaliza um movimento de moderniza\u00e7\u00e3o dos centros comerciais. A expectativa \u00e9 que a medida fortale\u00e7a pol\u00edticas de sustentabilidade e prepare os estabelecimentos para uma demanda que tende a crescer nos pr\u00f3ximos anos.<\/p>\n\n\n\n<p><\/p>\n","protected":false},"excerpt":{"rendered":"<p>Os estacionamentos de shoppings em um estado brasileiro passar\u00e3o por mudan\u00e7as ap\u00f3s a promulga\u00e7\u00e3o de uma nova lei que amplia a oferta de vagas exclusivas. A medida vai al\u00e9m das j\u00e1 obrigat\u00f3rias vagas destinadas a idosos e pessoas com defici\u00eancia, criando uma nova exig\u00eancia voltada aos ve\u00edculos el\u00e9tricos e h\u00edbridos. De acordo com informa\u00e7\u00f5es divulgadas [&hellip;]<\/p>\n","protected":false},"author":4,"featured_media":16218,"comment_status":"open","ping_status":"open","sticky":false,"template":"","format":"standard","meta":{"jnews-multi-image_gallery":[],"jnews_single_post":{"format":"standard"},"jnews_primary_category":[],"jnews_social_meta":[],"jnews_post_split":[],"footnotes":""},"categories":[1],"tags":[],"class_list":["post-17541","post","type-post","status-publish","format-standard","has-post-thumbnail","hentry","category-uncategorized"],"_links":{"self":[{"href":"https:\/\/diariodepernambuco.audiencelabs.com.br\/wp-json\/wp\/v2\/posts\/17541","targetHints":{"allow":["GET"]}}],"collection":[{"href":"https:\/\/diariodepernambuco.audiencelabs.com.br\/wp-json\/wp\/v2\/posts"}],"about":[{"href":"https:\/\/diariodepernambuco.audiencelabs.com.br\/wp-json\/wp\/v2\/types\/post"}],"author":[{"embeddable":true,"href":"https:\/\/diariodepernambuco.audiencelabs.com.br\/wp-json\/wp\/v2\/users\/4"}],"replies":[{"embeddable":true,"href":"https:\/\/diariodepernambuco.audiencelabs.com.br\/wp-json\/wp\/v2\/comments?post=17541"}],"version-history":[{"count":2,"href":"https:\/\/diariodepernambuco.audiencelabs.com.br\/wp-json\/wp\/v2\/posts\/17541\/revisions"}],"predecessor-version":[{"id":17695,"href":"https:\/\/diariodepernambuco.audiencelabs.com.br\/wp-json\/wp\/v2\/posts\/17541\/revisions\/17695"}],"wp:featuredmedia":[{"embeddable":true,"href":"https:\/\/diariodepernambuco.audiencelabs.com.br\/wp-json\/wp\/v2\/media\/16218"}],"wp:attachment":[{"href":"https:\/\/diariodepernambuco.audiencelabs.com.br\/wp-json\/wp\/v2\/media?parent=17541"}],"wp:term":[{"taxonomy":"category","embeddable":true,"href":"https:\/\/diariodepernambuco.audiencelabs.com.br\/wp-json\/wp\/v2\/categories?post=17541"},{"taxonomy":"post_tag","embeddable":true,"href":"https:\/\/diariodepernambuco.audiencelabs.com.br\/wp-json\/wp\/v2\/tags?post=17541"}],"curies":[{"name":"wp","href":"https:\/\/api.w.org\/{rel}","templated":true}]}}