{"id":17547,"date":"2026-02-24T11:51:00","date_gmt":"2026-02-24T14:51:00","guid":{"rendered":"https:\/\/diariodepernambuco.audiencelabs.com.br\/?p=17547"},"modified":"2026-02-13T12:23:13","modified_gmt":"2026-02-13T15:23:13","slug":"grupo-historico-que-fabrica-bolsas-de-luxo-teve-falencia-decretada-pela-justica","status":"publish","type":"post","link":"https:\/\/diariodepernambuco.audiencelabs.com.br\/grupo-historico-que-fabrica-bolsas-de-luxo-teve-falencia-decretada-pela-justica\/","title":{"rendered":"Grupo hist\u00f3rico que fabrica bolsas de luxo teve fal\u00eancia decretada pela Justi\u00e7a"},"content":{"rendered":"<div class=\"flex flex-col text-sm pb-25\">\n<article class=\"text-token-text-primary w-full focus:outline-none [--shadow-height:45px] has-data-writing-block:pointer-events-none has-data-writing-block:-mt-(--shadow-height) has-data-writing-block:pt-(--shadow-height) [&amp;:has([data-writing-block])&gt;*]:pointer-events-auto scroll-mt-[calc(var(--header-height)+min(200px,max(70px,20svh)))]\" dir=\"auto\" data-turn-id=\"request-698a24e0-ee34-832e-b96b-efd72601a712-3\" data-testid=\"conversation-turn-166\" data-scroll-anchor=\"true\" data-turn=\"assistant\">\n<div class=\"text-base my-auto mx-auto pb-10 [--thread-content-margin:--spacing(4)] @w-sm\/main:[--thread-content-margin:--spacing(6)] @w-lg\/main:[--thread-content-margin:--spacing(16)] px-(--thread-content-margin)\">\n<div class=\"[--thread-content-max-width:40rem] @w-lg\/main:[--thread-content-max-width:48rem] mx-auto max-w-(--thread-content-max-width) flex-1 group\/turn-messages focus-visible:outline-hidden relative flex w-full min-w-0 flex-col agent-turn\">\n<div class=\"flex max-w-full flex-col grow\">\n<div class=\"min-h-8 text-message relative flex w-full flex-col items-end gap-2 text-start break-words whitespace-normal [.text-message+&amp;]:mt-1\" dir=\"auto\" data-message-author-role=\"assistant\" data-message-id=\"d1fe333d-3792-4f0f-923e-a86bd32cc213\" data-message-model-slug=\"gpt-5-2\">\n<div class=\"flex w-full flex-col gap-1 empty:hidden first:pt-[1px]\">\n<div class=\"markdown prose dark:prose-invert w-full wrap-break-word light markdown-new-styling\">\n<p data-start=\"106\" data-end=\"394\">A situa&ccedil;&atilde;o do grupo Victor Hugo, conhecido pela produ&ccedil;&atilde;o de bolsas e acess&oacute;rios de luxo em couro, ganhou um novo cap&iacute;tulo com a decreta&ccedil;&atilde;o de sua fal&ecirc;ncia pela Justi&ccedil;a do Rio de Janeiro. A decis&atilde;o ocorreu ap&oacute;s sucessivas tentativas frustradas de cobran&ccedil;a de tributos considerados devidos.<\/p>\n<p data-start=\"396\" data-end=\"625\">O passivo fiscal atribu&iacute;do &agrave; empresa gira em torno de R$ 1,2 bilh&atilde;o. Desse montante, a maior parte corresponderia a d&eacute;bitos com a Uni&atilde;o, enquanto uma fatia significativa estaria relacionada a tributos estaduais do Rio de Janeiro.<\/p>\n<h2 data-start=\"627\" data-end=\"665\">Tentativas de cobran&ccedil;a sem sucesso<\/h2>\n<p data-start=\"667\" data-end=\"974\">Antes da quebra ser autorizada, o poder p&uacute;blico buscou receber os valores por meio de execu&ccedil;&otilde;es fiscais. Segundo a decis&atilde;o judicial, essas medidas n&atilde;o foram suficientes para garantir a satisfa&ccedil;&atilde;o do cr&eacute;dito tribut&aacute;rio. Diante disso, foi admitido o pedido de fal&ecirc;ncia como &uacute;ltimo recurso jur&iacute;dico dispon&iacute;vel.<\/p>\n<p data-start=\"976\" data-end=\"1284\">O requerimento foi apresentado de forma conjunta pela Procuradoria-Geral da Fazenda Nacional (PGFN) e pela Procuradoria Geral do Estado do Rio de Janeiro (PGE-RJ). O entendimento &eacute; que, diante da dificuldade de localizar e bloquear bens, a fal&ecirc;ncia seria o caminho adequado para proteger o interesse p&uacute;blico.<\/p>\n<h2 data-start=\"1286\" data-end=\"1336\">Ind&iacute;cios de estrat&eacute;gia para ocultar patrim&ocirc;nio<\/h2>\n<p data-start=\"1338\" data-end=\"1666\">No processo, as procuradorias apontaram que o grupo teria adotado pr&aacute;ticas destinadas a dificultar a cobran&ccedil;a, como a transfer&ecirc;ncia da marca para empresas sediadas no exterior, em pa&iacute;ses com regime fiscal favorecido. Tamb&eacute;m foram mencionadas opera&ccedil;&otilde;es envolvendo a movimenta&ccedil;&atilde;o de ativos entre empresas do mesmo grupo econ&ocirc;mico.<\/p>\n<p data-start=\"1668\" data-end=\"1937\">Entre os epis&oacute;dios citados est&aacute; a tentativa de direcionar ativos brasileiros para uma entidade ligada a capital estrangeiro. Para os &oacute;rg&atilde;os p&uacute;blicos, essas movimenta&ccedil;&otilde;es indicariam tentativa de blindagem patrimonial e caracterizariam atua&ccedil;&atilde;o t&iacute;pica de devedor contumaz.<\/p>\n<h2 data-start=\"1939\" data-end=\"1983\">Debate jur&iacute;dico sobre execu&ccedil;&atilde;o frustrada<\/h2>\n<p data-start=\"1985\" data-end=\"2328\">A discuss&atilde;o chegou &agrave;s inst&acirc;ncias superiores, e a 3&ordf; Turma do Superior Tribunal de Justi&ccedil;a reconheceu que entes p&uacute;blicos podem pedir a fal&ecirc;ncia de empresas quando a execu&ccedil;&atilde;o fiscal n&atilde;o produz resultados pr&aacute;ticos. Ainda assim, especialistas destacam que n&atilde;o h&aacute; crit&eacute;rios totalmente objetivos para definir quando essa frustra&ccedil;&atilde;o est&aacute; configurada.<\/p>\n<p data-start=\"2330\" data-end=\"2559\" data-is-last-node=\"\" data-is-only-node=\"\">Com a fal&ecirc;ncia decretada, inicia-se a fase de administra&ccedil;&atilde;o judicial, que poder&aacute; envolver a manuten&ccedil;&atilde;o tempor&aacute;ria das atividades e eventual venda de ativos para pagamento dos credores, conforme as regras da legisla&ccedil;&atilde;o falimentar.<\/p>\n<\/div>\n<\/div>\n<\/div>\n<\/div>\n<div class=\"z-0 flex min-h-[46px] justify-start\">&nbsp;<\/div>\n<div class=\"mt-3 w-full empty:hidden\">\n<div class=\"text-center\">&nbsp;<\/div>\n<\/div>\n<\/div>\n<\/div>\n<\/article>\n<\/div>\n<div class=\"pointer-events-none h-px w-px absolute bottom-0\" aria-hidden=\"true\" data-edge=\"true\">&nbsp;<\/div>\n","protected":false},"excerpt":{"rendered":"<p>A situa&ccedil;&atilde;o do grupo Victor Hugo, conhecido pela produ&ccedil;&atilde;o de bolsas e acess&oacute;rios de luxo em couro, ganhou um novo cap&iacute;tulo com a decreta&ccedil;&atilde;o de sua fal&ecirc;ncia pela Justi&ccedil;a do Rio de Janeiro. A decis&atilde;o ocorreu ap&oacute;s sucessivas tentativas frustradas de cobran&ccedil;a de tributos considerados devidos. O passivo fiscal atribu&iacute;do &agrave; empresa gira em torno [&hellip;]<\/p>\n","protected":false},"author":18,"featured_media":17546,"comment_status":"open","ping_status":"open","sticky":false,"template":"","format":"standard","meta":{"jnews-multi-image_gallery":[],"jnews_single_post":[],"jnews_primary_category":[],"jnews_social_meta":[],"jnews_post_split":[],"footnotes":""},"categories":[1],"tags":[],"class_list":["post-17547","post","type-post","status-publish","format-standard","has-post-thumbnail","hentry","category-uncategorized"],"_links":{"self":[{"href":"https:\/\/diariodepernambuco.audiencelabs.com.br\/wp-json\/wp\/v2\/posts\/17547","targetHints":{"allow":["GET"]}}],"collection":[{"href":"https:\/\/diariodepernambuco.audiencelabs.com.br\/wp-json\/wp\/v2\/posts"}],"about":[{"href":"https:\/\/diariodepernambuco.audiencelabs.com.br\/wp-json\/wp\/v2\/types\/post"}],"author":[{"embeddable":true,"href":"https:\/\/diariodepernambuco.audiencelabs.com.br\/wp-json\/wp\/v2\/users\/18"}],"replies":[{"embeddable":true,"href":"https:\/\/diariodepernambuco.audiencelabs.com.br\/wp-json\/wp\/v2\/comments?post=17547"}],"version-history":[{"count":1,"href":"https:\/\/diariodepernambuco.audiencelabs.com.br\/wp-json\/wp\/v2\/posts\/17547\/revisions"}],"predecessor-version":[{"id":17548,"href":"https:\/\/diariodepernambuco.audiencelabs.com.br\/wp-json\/wp\/v2\/posts\/17547\/revisions\/17548"}],"wp:featuredmedia":[{"embeddable":true,"href":"https:\/\/diariodepernambuco.audiencelabs.com.br\/wp-json\/wp\/v2\/media\/17546"}],"wp:attachment":[{"href":"https:\/\/diariodepernambuco.audiencelabs.com.br\/wp-json\/wp\/v2\/media?parent=17547"}],"wp:term":[{"taxonomy":"category","embeddable":true,"href":"https:\/\/diariodepernambuco.audiencelabs.com.br\/wp-json\/wp\/v2\/categories?post=17547"},{"taxonomy":"post_tag","embeddable":true,"href":"https:\/\/diariodepernambuco.audiencelabs.com.br\/wp-json\/wp\/v2\/tags?post=17547"}],"curies":[{"name":"wp","href":"https:\/\/api.w.org\/{rel}","templated":true}]}}