{"id":17605,"date":"2026-02-14T17:40:00","date_gmt":"2026-02-14T20:40:00","guid":{"rendered":"https:\/\/diariodepernambuco.audiencelabs.com.br\/?p=17605"},"modified":"2026-02-14T07:30:19","modified_gmt":"2026-02-14T10:30:19","slug":"brasileiros-que-moram-de-aluguel-recebem-pessima-noticia-em-2026","status":"publish","type":"post","link":"https:\/\/diariodepernambuco.audiencelabs.com.br\/brasileiros-que-moram-de-aluguel-recebem-pessima-noticia-em-2026\/","title":{"rendered":"Brasileiros que moram de aluguel recebem p\u00e9ssima not\u00edcia em 2026"},"content":{"rendered":"\n<p>Quem vive de aluguel come\u00e7ou 2026 com um peso extra no or\u00e7amento. De acordo com o \u00cdndice FipeZap, os valores da loca\u00e7\u00e3o residencial subiram, em m\u00e9dia, 0,65% em janeiro na compara\u00e7\u00e3o com dezembro. O avan\u00e7o ficou acima da infla\u00e7\u00e3o oficial medida pelo IPCA, que foi de 0,33% no m\u00eas, e tamb\u00e9m superou o IGP-M, adotado como refer\u00eancia para reajustes contratuais, que variou 0,41%.<\/p>\n\n\n\n<p>O aumento chega a 9,1% em compara\u00e7\u00e3o com janeiro do ano passado. O pre\u00e7o m\u00e9dio do metro quadrado para aluguel no pa\u00eds atingiu R$ 51,40, valor superior ao registrado em janeiro do ano passado, de R$ 46,94.<\/p>\n\n\n\n<h2 class=\"wp-block-heading\">Capitais e cidades com os maiores valores<\/h2>\n\n\n\n<p>Entre as capitais, Bel\u00e9m lidera o ranking, com m\u00e9dia de R$ 63,60 por metro quadrado. A alta \u00e9 atribu\u00edda, em parte, ao impacto econ\u00f4mico da COP30, realizada na cidade no fim de 2025. Logo atr\u00e1s aparecem S\u00e3o Paulo (R$ 62,96\/m\u00b2) e Recife (R$ 61,15\/m\u00b2).<\/p>\n\n\n\n<p>Considerando todos os munic\u00edpios analisados, Barueri, na Grande S\u00e3o Paulo, registrou o maior valor m\u00e9dio: R$ 71,05\/m\u00b2. Como a cidade mais barata, aparece Pelotas, com R$ 22,38\/m\u00b2. Entre as capitais, Campo Grande teve o menor pre\u00e7o m\u00e9dio, de R$ 28,47\/m\u00b2.<\/p>\n\n\n\n<h2 class=\"wp-block-heading\">Tipos de im\u00f3veis tamb\u00e9m encarecem<\/h2>\n\n\n\n<p>Os im\u00f3veis maiores foram os que mais subiram em janeiro. Unidades com quatro ou mais dormit\u00f3rios tiveram alta de 1,29%, enquanto os de um quarto avan\u00e7aram 0,41%. Ainda assim, os apartamentos menores continuam com o metro quadrado mais caro do mercado.<\/p>\n\n\n\n<p>Das 36 cidades monitoradas, 32 registraram aumento nos pre\u00e7os, sinalizando valoriza\u00e7\u00e3o dos im\u00f3veis. Para quem mora de aluguel, o cen\u00e1rio de 2026 indica continuidade no aumento de valores e maior impacto no custo de vida.<\/p>\n","protected":false},"excerpt":{"rendered":"<p>Quem vive de aluguel come\u00e7ou 2026 com um peso extra no or\u00e7amento. De acordo com o \u00cdndice FipeZap, os valores da loca\u00e7\u00e3o residencial subiram, em m\u00e9dia, 0,65% em janeiro na compara\u00e7\u00e3o com dezembro. O avan\u00e7o ficou acima da infla\u00e7\u00e3o oficial medida pelo IPCA, que foi de 0,33% no m\u00eas, e tamb\u00e9m superou o IGP-M, adotado [&hellip;]<\/p>\n","protected":false},"author":17,"featured_media":17626,"comment_status":"open","ping_status":"open","sticky":false,"template":"","format":"standard","meta":{"jnews-multi-image_gallery":[],"jnews_single_post":{"format":"standard"},"jnews_primary_category":[],"jnews_social_meta":[],"jnews_post_split":[],"footnotes":""},"categories":[1],"tags":[],"class_list":["post-17605","post","type-post","status-publish","format-standard","has-post-thumbnail","hentry","category-uncategorized"],"_links":{"self":[{"href":"https:\/\/diariodepernambuco.audiencelabs.com.br\/wp-json\/wp\/v2\/posts\/17605","targetHints":{"allow":["GET"]}}],"collection":[{"href":"https:\/\/diariodepernambuco.audiencelabs.com.br\/wp-json\/wp\/v2\/posts"}],"about":[{"href":"https:\/\/diariodepernambuco.audiencelabs.com.br\/wp-json\/wp\/v2\/types\/post"}],"author":[{"embeddable":true,"href":"https:\/\/diariodepernambuco.audiencelabs.com.br\/wp-json\/wp\/v2\/users\/17"}],"replies":[{"embeddable":true,"href":"https:\/\/diariodepernambuco.audiencelabs.com.br\/wp-json\/wp\/v2\/comments?post=17605"}],"version-history":[{"count":2,"href":"https:\/\/diariodepernambuco.audiencelabs.com.br\/wp-json\/wp\/v2\/posts\/17605\/revisions"}],"predecessor-version":[{"id":17898,"href":"https:\/\/diariodepernambuco.audiencelabs.com.br\/wp-json\/wp\/v2\/posts\/17605\/revisions\/17898"}],"wp:featuredmedia":[{"embeddable":true,"href":"https:\/\/diariodepernambuco.audiencelabs.com.br\/wp-json\/wp\/v2\/media\/17626"}],"wp:attachment":[{"href":"https:\/\/diariodepernambuco.audiencelabs.com.br\/wp-json\/wp\/v2\/media?parent=17605"}],"wp:term":[{"taxonomy":"category","embeddable":true,"href":"https:\/\/diariodepernambuco.audiencelabs.com.br\/wp-json\/wp\/v2\/categories?post=17605"},{"taxonomy":"post_tag","embeddable":true,"href":"https:\/\/diariodepernambuco.audiencelabs.com.br\/wp-json\/wp\/v2\/tags?post=17605"}],"curies":[{"name":"wp","href":"https:\/\/api.w.org\/{rel}","templated":true}]}}