{"id":17729,"date":"2026-02-18T10:00:00","date_gmt":"2026-02-18T13:00:00","guid":{"rendered":"https:\/\/diariodepernambuco.audiencelabs.com.br\/?p=17729"},"modified":"2026-02-18T13:45:10","modified_gmt":"2026-02-18T16:45:10","slug":"vasco-anuncia-contratacao-de-goleiro-que-foi-preso-por-assassinado-e-ele-vai-jogar-a-copa-do-brasil","status":"publish","type":"post","link":"https:\/\/diariodepernambuco.audiencelabs.com.br\/vasco-anuncia-contratacao-de-goleiro-que-foi-preso-por-assassinado-e-ele-vai-jogar-a-copa-do-brasil\/","title":{"rendered":"Vasco anuncia contrata\u00e7\u00e3o de goleiro que foi preso por assassinato e ele vai jogar a Copa do Brasil"},"content":{"rendered":"\n<p>Condenado a 22 anos pelo homic\u00eddio triplamente qualificado da modelo Eliza Samudio em junho de 2010, o goleiro Bruno Fernandes est\u00e1 de volta ao futebol acreano. \u00cddolo do Flamengo, onde foi campe\u00e3o brasileiro em 2009, ele vestir\u00e1 a camisa do Vasco-AC ap\u00f3s atuar no rival Rio Branco em 2020, com 18 jogos disputados na ocasi\u00e3o.<\/p>\n\n\n\n<p>Segundo o portal ge.globo, Bruno se apresentou na \u00faltima segunda-feira (16), no Campo da Fazendinha, em Rio Branco, e pode ser op\u00e7\u00e3o do Vasco para o duelo diante do Velo Clube nesta quinta-feira (19), v\u00e1lido pela primeira fase da Copa do Brasil.<\/p>\n\n\n\n<p>Antes de retornar ao Acre, o goleiro havia se aventurado no futebol do Esp\u00edrito Santo. Sua estadia no Capixaba Sport Clube, no entanto, durou muito pouco. Ap\u00f3s somente tr\u00eas apari\u00e7\u00f5es no Campeonato Capixaba, Bruno entrou em rota de colis\u00e3o com a diretoria do clube por sal\u00e1rios atrasados e teve seu contrato rescindido.<\/p>\n\n\n\n<p>No come\u00e7o deste m\u00eas, o goleiro compartilhou nas redes sociais fotos celebrando o \u201cretorno\u201d ao Maracan\u00e3, desta vez como torcedor do Flamengo. Poucos dias depois, a Justi\u00e7a do Rio de Janeiro concedeu prazo de cinco dias, a partir da intima\u00e7\u00e3o, para que Bruno comparecesse ao Conselho Penitenci\u00e1rio e regularizasse sua situa\u00e7\u00e3o no livramento condicional.<\/p>\n\n\n\n<h2 class=\"wp-block-heading\">Passagem de Bruno pelo Acre contou com pol\u00eamica<\/h2>\n\n\n<style>@media (min-width: 992px) {\n    .recomendadorV2Area1 {\n        width: 280px;\n    }\n    .recomendadorV2Area2 {\n        padding: 0px 20px;\n        width: calc(100% - 280px);\n    }\n}\n\n@media (max-width: 992px) {\n    .recomendadorV2Button {\n        margin: 0 auto;\n    }\n    .recomendadorV2Area {\n        flex-direction: column;\n        text-align: center;\n    }\n    .recomendadorV2Area2 {\n        padding: 0px 20px;\n    }\n}\n\n.recomendadorV2Area {\n    background: #eeeeee3d;\n    border-radius: 10px;\n    padding: 15px;\n    display: flex;\n    margin: 15px auto;\n    border: 1px solid #00000014;\n    max-width: 800px;\n}\n\n.recomendadorV2Area1 img {\n    width: 280px;\n    height: auto;\n    border-radius: 8px;\n}\n\n.linkrecomendadorv2 {\n    text-decoration: none !important;\n}\n\n.recomendadorV2Area2 .recomendadorV2Type {\n    text-transform: uppercase;\n    font-weight: 500;\n    font-size: 11px;\n    letter-spacing: 2px;\n    color: #666;\n    margin: 12px 0;\n    display: block;\n}\n\n.recomendadorV2Title h2 {\n    padding-top: 0px !important;\n    margin: 0px !important;\n    border-left: none !important;\n    padding-left: 0px !important;\n    line-height: 1.3;\n    color: #000 !important;\n    font-size: 24px;\n    margin-bottom: 12px !important;\n}\n\n.recomendadorV2Desc {\n    color: #333;\n    margin: 12px 0px !important;\n    font-size: 15px;\n    line-height: 1.5;\n}\n\n.recomendadorV2Button {\n    width: auto;\n    max-width: 200px;\n    margin: 0;\n    display: inline-flex;\n    align-items: center;\n    background: #1D3557;\n    border-radius: 8px;\n    color: #fff;\n    height: 36px;\n    justify-content: center;\n    text-align: center;\n    font-size: 14px;\n    padding: 0 20px;\n    transition: background-color 0.2s ease;\n}\n\n.recomendadorV2Button:hover {\n    background: #2a4d7a;\n}\n\n.recomendadorV2Button:after {\n    margin-top: -2px;\n    content: \"\u2192\";\n    padding: 0px 0px 0px 8px;\n}\n\n.recomendadorV2Alert {\n    text-align: left;\n    font-size: 11px;\n    margin-top: 8px;\n    color: #666;\n}\n\n.recomendadorFixedArea {\n    width: 100%;\n    display: flex;\n    justify-content: center;\n    align-items: center;\n}\n\n@media (min-width: 992px) {\n    #recomendadorFixed {\n        width: 32% !important;\n        left: 5%;\n    }\n    .recomendadorCloseFixed{\n        right: inherit !important;\n        left: 378px !important;\n    }\n}\n\n#recomendadorFixed {\n    width: 90%;\n    box-shadow: 0 10px 20px 0px #00000057;\n    display: none;\n    height: 90px;\n    background: #F6F6F6;\n    position: fixed;\n    flex-direction: row;\n    bottom: 10px;\n    z-index: 9999;\n    border-radius: 16px;\n    padding: 7px 10px;\n}\n\n.recomendadorLeftArea {\n    width: 160px;\n}\n\n.recomendadorRightArea h2 {\n    padding-top: 0px;\n    margin: 2px 0px 4px 0px !important;\n    font-weight: 400;\n    text-align: center;\n    padding-left: 0px !important;\n    color: #000 !important;\n    border-left: none !important;\n    line-height: 20px;\n    font-size: 12px !important;\n}\n\n.recomendadorImgFixed {\n    overflow: hidden;\n    padding: 8px 6px;\n    height: 100%;\n}\n\n.recomendadorImgFixed img {\n    height: 100% !important;\n    border-radius: 16px;\n}\n\n.recomendadorRightArea {\n    padding-top: 6px;\n    display: flex;\n    width: calc(100% - 130px);\n    justify-content: space-between;\n    align-items: center;\n    flex-direction: column;\n}\n\n.recomendadorButtonFixed {\n    margin: 0 auto;\n    background: #1D3557;\n    width: 80%;\n    text-align: center;\n    font-size: 10px;\n    color: #FFF;\n    padding: 2px 10px;\n    border-radius: 3px;\n}\n\n.recomendadorButtonFixed:after {\n    margin-top: -3px;\n    content: \"\u2192\";\n    padding: 0px 0px 0px 10px;\n}\n\n.recomendadorAlertFixed {\n    font-weight: 400;\n    text-align: center;\n    color: #484848;\n    font-size: 8px;\n}\n\n.recomendadorCloseFixed {\n    z-index: 99999;\n    display: none;\n    right: 0px;\n    left: inherit;\n    bottom: 99px;\n    position: fixed;\n    justify-content: center;\n    background: #F6F6F6;\n    width: 25px;\n    align-items: center;\n    height: 25px;\n    font-weight: 800;\n    border-radius: 50%;\n    border: 1px solid #EBEBEB;\n}\n\n.recomendadorV2Desc{\n    color: #000000;\n    margin: 20px 0px;\n}\n\n@media (max-width: 576px) {\n    .recomendadorV2Area {\n      padding: 10px;\n      max-width: 100%;\n    }\n  \n    .recomendadorV2Area1 img {\n      width: 100%;\n      border-radius: 6px;\n    }\n  \n    .recomendadorV2Area2 .recomendadorV2Type {\n      font-size: 9px;\n      letter-spacing: 1px;\n      margin: 8px 0;\n    }\n  \n    .recomendadorV2Title h2 {\n      font-size: 18px !important;\n      margin-bottom: 8px !important;\n      line-height: 1.2;\n    }\n  \n    .recomendadorV2Desc {\n      font-size: 14px;\n      margin: 8px 0 !important;\n      line-height: 1.4;\n    }\n  \n    .recomendadorV2Button {\n      font-size: 12px;\n      height: 30px;\n      padding: 0 12px;\n      max-width: 160px;\n    }\n  \n    .recomendadorV2Button:after {\n      padding-left: 6px;\n    }\n  }\n  <\/style>\n        <div class=\"lazyblock-recomendador-v2-2jDGz wp-block-lazyblock-recomendador-v2\">\n        <a class=\"linkrecomendadorv2\" href=\"https:\/\/diariodepernambuco.com.br\/dpmais\/luxemburgo-surpreende-e-aceita-proposta-de-time-da-quarta-divisao\/?utm_source=lazy\" target=\"_blank\" rel=\"noopener\">\n            <div class=\"recomendadorV2Area\">\n            <div class=\"recomendadorV2Area1\">\n                <div class=\"recomendadorV2Img\">\n                <img class=\"lazyloaded\" decoding=\"async\" src=\"https:\/\/diariodepernambuco.com.br\/dpmais\/wp-content\/uploads\/2026\/02\/luxemburgo-surpreende-e-aceita-proposta-de-time-de-quarta-divisao-1140x570.jpg\" data-src=\"https:\/\/diariodepernambuco.com.br\/dpmais\/wp-content\/uploads\/2026\/02\/luxemburgo-surpreende-e-aceita-proposta-de-time-de-quarta-divisao-1140x570.jpg\" alt=\"\">\n                <\/div>\n            <\/div>\n            <div class=\"recomendadorV2Area2\">\n                <div class=\"recomendadorV2Type\">\n                    <span>Futebol nacional<\/span>\n                <\/div>\n                <div class=\"recomendadorV2Title\">\n                <h2><span>Luxemburgo e a 4\u00aa divis\u00e3o \u26bd<\/span><\/h2>\n                <\/div>\n                <div class=\"recomendadorV2Desc\">\n                <span>T\u00e9cnico aceita proposta inesperada<\/span>\n                <\/div>\n                <div class=\"recomendadorV2Button\">Ver surpreendente<\/div>\n                <div class=\"recomendadorV2Alert\"><\/div>\n            <\/div>\n            <\/div>\n        <\/a>\n        <div>\n            <div style=\"z-index:99999;\" id=\"buttonClose\" onclick=\"closeRecomendadorFixed()\">\n            <div class=\"recomendadorCloseFixed\">X<\/div>\n            <\/div>\n            <a href=\"https:\/\/diariodepernambuco.com.br\/dpmais\/luxemburgo-surpreende-e-aceita-proposta-de-time-da-quarta-divisao\/?utm_source=lazy\" target=\"_blank\" rel=\"noopener\">\n            <div class=\"recomendadorFixedArea\">\n                <div id=\"recomendadorFixed\">\n                <div class=\"recomendadorLeftArea\">\n                    <div class=\"recomendadorImgFixed\">\n                    <img class=\"lazyload\" decoding=\"async\" src=\"https:\/\/diariodepernambuco.com.br\/dpmais\/wp-content\/uploads\/2026\/02\/luxemburgo-surpreende-e-aceita-proposta-de-time-de-quarta-divisao-1140x570.jpg\" alt=\"\">\n                    <\/div>\n                <\/div>\n                <div class=\"recomendadorRightArea\">\n                    <div class=\"recomendadorTitleFixed\">\n                    <h2><span>Luxemburgo e a 4\u00aa divis\u00e3o \u26bd<\/span><\/h2>\n                    <\/div>\n                    <div class=\"recomendadorButtonFixed\">Ver surpreendente<\/div>\n                    <div class=\"recomendadorAlertFixed\"><\/div>\n                <\/div>\n                <\/div>\n            <\/div>\n            <\/a>\n        <\/div>\n        <\/div>\n\n\n\n<p>Condenado a mais de 22 anos de pris\u00e3o por homic\u00eddio triplamente qualificado, oculta\u00e7\u00e3o de cad\u00e1ver, sequestro e c\u00e1rcere privado de Eliza Samudio \u2014 com quem teve Bruninho Samudio, atualmente goleiro das categorias de base do Botafogo \u2014 Bruno acumulou pol\u00eamicas em sua primeira passagem pelo Rio Branco.<\/p>\n\n\n\n<p>Logo ap\u00f3s o an\u00fancio da contrata\u00e7\u00e3o, uma rede de supermercados da capital decidiu suspender o patroc\u00ednio ao clube. Na mesma \u00e9poca, a ent\u00e3o t\u00e9cnica Rose Costa, que desenvolveria um trabalho no futebol feminino, tamb\u00e9m se desligou. Em setembro de 2020, durante sua estadia no Acre, o goleiro chegou a utilizar tornozeleira eletr\u00f4nica por determina\u00e7\u00e3o judicial.<\/p>\n","protected":false},"excerpt":{"rendered":"<p>Condenado a 22 anos pelo homic\u00eddio triplamente qualificado da modelo Eliza Samudio em junho de 2010, o goleiro Bruno Fernandes est\u00e1 de volta ao futebol acreano. \u00cddolo do Flamengo, onde foi campe\u00e3o brasileiro em 2009, ele vestir\u00e1 a camisa do Vasco-AC ap\u00f3s atuar no rival Rio Branco em 2020, com 18 jogos disputados na ocasi\u00e3o. [&hellip;]<\/p>\n","protected":false},"author":4,"featured_media":17731,"comment_status":"open","ping_status":"open","sticky":false,"template":"","format":"standard","meta":{"jnews-multi-image_gallery":[],"jnews_single_post":{"format":"standard"},"jnews_primary_category":[],"jnews_social_meta":[],"jnews_post_split":[],"footnotes":""},"categories":[1],"tags":[],"class_list":["post-17729","post","type-post","status-publish","format-standard","has-post-thumbnail","hentry","category-uncategorized"],"_links":{"self":[{"href":"https:\/\/diariodepernambuco.audiencelabs.com.br\/wp-json\/wp\/v2\/posts\/17729","targetHints":{"allow":["GET"]}}],"collection":[{"href":"https:\/\/diariodepernambuco.audiencelabs.com.br\/wp-json\/wp\/v2\/posts"}],"about":[{"href":"https:\/\/diariodepernambuco.audiencelabs.com.br\/wp-json\/wp\/v2\/types\/post"}],"author":[{"embeddable":true,"href":"https:\/\/diariodepernambuco.audiencelabs.com.br\/wp-json\/wp\/v2\/users\/4"}],"replies":[{"embeddable":true,"href":"https:\/\/diariodepernambuco.audiencelabs.com.br\/wp-json\/wp\/v2\/comments?post=17729"}],"version-history":[{"count":4,"href":"https:\/\/diariodepernambuco.audiencelabs.com.br\/wp-json\/wp\/v2\/posts\/17729\/revisions"}],"predecessor-version":[{"id":17859,"href":"https:\/\/diariodepernambuco.audiencelabs.com.br\/wp-json\/wp\/v2\/posts\/17729\/revisions\/17859"}],"wp:featuredmedia":[{"embeddable":true,"href":"https:\/\/diariodepernambuco.audiencelabs.com.br\/wp-json\/wp\/v2\/media\/17731"}],"wp:attachment":[{"href":"https:\/\/diariodepernambuco.audiencelabs.com.br\/wp-json\/wp\/v2\/media?parent=17729"}],"wp:term":[{"taxonomy":"category","embeddable":true,"href":"https:\/\/diariodepernambuco.audiencelabs.com.br\/wp-json\/wp\/v2\/categories?post=17729"},{"taxonomy":"post_tag","embeddable":true,"href":"https:\/\/diariodepernambuco.audiencelabs.com.br\/wp-json\/wp\/v2\/tags?post=17729"}],"curies":[{"name":"wp","href":"https:\/\/api.w.org\/{rel}","templated":true}]}}