{"id":17734,"date":"2026-02-18T08:51:22","date_gmt":"2026-02-18T11:51:22","guid":{"rendered":"https:\/\/diariodepernambuco.audiencelabs.com.br\/?p=17734"},"modified":"2026-02-18T09:45:15","modified_gmt":"2026-02-18T12:45:15","slug":"nova-lei-proibe-viuvas-de-receberem-heranca-e-bens-ficam-somente-para-os-filhos-caso-seja-aprovada","status":"publish","type":"post","link":"https:\/\/diariodepernambuco.audiencelabs.com.br\/nova-lei-proibe-viuvas-de-receberem-heranca-e-bens-ficam-somente-para-os-filhos-caso-seja-aprovada\/","title":{"rendered":"Nova lei pro\u00edbe vi\u00favas de receberem heran\u00e7a e bens ficam somente para os filhos caso seja aprovada"},"content":{"rendered":"\n<p>Um projeto de reforma do C\u00f3digo Civil em an\u00e1lise no Congresso Nacional pode mudar as regras de sucess\u00e3o no Brasil. A proposta prev\u00ea que vi\u00favas e vi\u00favos deixem de ser herdeiros necess\u00e1rios, o que significa que poderiam perder o direito autom\u00e1tico \u00e0 heran\u00e7a do c\u00f4njuge falecido.<\/p>\n\n\n\n<p>Atualmente, o c\u00f4njuge sobrevivente integra a lista de herdeiros necess\u00e1rios, grupo que inclui filhos, netos, pais e av\u00f3s, e tem direito assegurado a parte dos bens, independentemente de testamento. Com a mudan\u00e7a, vi\u00favas e vi\u00favos deixam de ser prioridade.<\/p>\n\n\n\n<h2 class=\"wp-block-heading\">Filhos passam a ter prioridade na heran\u00e7a<\/h2>\n\n\n\n<p>Se a proposta for aprovada, o c\u00f4njuge s\u00f3 herdar\u00e1 automaticamente caso n\u00e3o existam filhos, netos, pais ou av\u00f3s. Na pr\u00e1tica, havendo descendentes ou ascendentes, os bens seriam destinados apenas a eles.<\/p>\n\n\n\n<p>O texto em tramita\u00e7\u00e3o, que busca atualizar e reorganizar as normas sucess\u00f3rias, \u00e9 o Projeto de Lei 4\/2025, apresentado pelo senador Rodrigo Pacheco (PSD-MG).<\/p>\n\n\n\n<h2 class=\"wp-block-heading\">Direitos garantidos ao c\u00f4njuge<\/h2>\n\n\n\n<p>Apesar da poss\u00edvel retirada da condi\u00e7\u00e3o de herdeiro necess\u00e1rio, o projeto prev\u00ea mecanismos de prote\u00e7\u00e3o ao c\u00f4njuge sobrevivente. Entre eles est\u00e1 o direito de permanecer morando no im\u00f3vel que servia de resid\u00eancia do casal, mesmo que o bem seja herdado pelos filhos.<\/p>\n\n\n\n<p>Tamb\u00e9m poder\u00e1 haver a fixa\u00e7\u00e3o de uma presta\u00e7\u00e3o compensat\u00f3ria, determinada por um juiz, especialmente nos casos em que o c\u00f4njuge tenha se dedicado prioritariamente \u00e0 fam\u00edlia em preju\u00edzo da pr\u00f3pria carreira profissional. Al\u00e9m disso, permanece assegurado o direito \u00e0 pens\u00e3o por morte conforme as regras da Previd\u00eancia.<\/p>\n\n\n\n<h2 class=\"wp-block-heading\">Mudan\u00e7a ainda n\u00e3o est\u00e1 em vigor<\/h2>\n\n\n\n<p>Importante destacar que as novas regras ainda n\u00e3o valem. O texto segue em an\u00e1lise no Senado Federal e, se aprovado, ainda precisar\u00e1 passar pela C\u00e2mara dos Deputados e receber san\u00e7\u00e3o presidencial para entrar em vigor. At\u00e9 l\u00e1, continuam valendo as normas atuais de sucess\u00e3o.<\/p>\n","protected":false},"excerpt":{"rendered":"<p>Um projeto de reforma do C\u00f3digo Civil em an\u00e1lise no Congresso Nacional pode mudar as regras de sucess\u00e3o no Brasil. A proposta prev\u00ea que vi\u00favas e vi\u00favos deixem de ser herdeiros necess\u00e1rios, o que significa que poderiam perder o direito autom\u00e1tico \u00e0 heran\u00e7a do c\u00f4njuge falecido. Atualmente, o c\u00f4njuge sobrevivente integra a lista de herdeiros [&hellip;]<\/p>\n","protected":false},"author":17,"featured_media":17736,"comment_status":"open","ping_status":"open","sticky":false,"template":"","format":"standard","meta":{"jnews-multi-image_gallery":[],"jnews_single_post":{"format":"standard"},"jnews_primary_category":[],"jnews_social_meta":[],"jnews_post_split":[],"footnotes":""},"categories":[1],"tags":[],"class_list":["post-17734","post","type-post","status-publish","format-standard","has-post-thumbnail","hentry","category-uncategorized"],"_links":{"self":[{"href":"https:\/\/diariodepernambuco.audiencelabs.com.br\/wp-json\/wp\/v2\/posts\/17734","targetHints":{"allow":["GET"]}}],"collection":[{"href":"https:\/\/diariodepernambuco.audiencelabs.com.br\/wp-json\/wp\/v2\/posts"}],"about":[{"href":"https:\/\/diariodepernambuco.audiencelabs.com.br\/wp-json\/wp\/v2\/types\/post"}],"author":[{"embeddable":true,"href":"https:\/\/diariodepernambuco.audiencelabs.com.br\/wp-json\/wp\/v2\/users\/17"}],"replies":[{"embeddable":true,"href":"https:\/\/diariodepernambuco.audiencelabs.com.br\/wp-json\/wp\/v2\/comments?post=17734"}],"version-history":[{"count":3,"href":"https:\/\/diariodepernambuco.audiencelabs.com.br\/wp-json\/wp\/v2\/posts\/17734\/revisions"}],"predecessor-version":[{"id":17845,"href":"https:\/\/diariodepernambuco.audiencelabs.com.br\/wp-json\/wp\/v2\/posts\/17734\/revisions\/17845"}],"wp:featuredmedia":[{"embeddable":true,"href":"https:\/\/diariodepernambuco.audiencelabs.com.br\/wp-json\/wp\/v2\/media\/17736"}],"wp:attachment":[{"href":"https:\/\/diariodepernambuco.audiencelabs.com.br\/wp-json\/wp\/v2\/media?parent=17734"}],"wp:term":[{"taxonomy":"category","embeddable":true,"href":"https:\/\/diariodepernambuco.audiencelabs.com.br\/wp-json\/wp\/v2\/categories?post=17734"},{"taxonomy":"post_tag","embeddable":true,"href":"https:\/\/diariodepernambuco.audiencelabs.com.br\/wp-json\/wp\/v2\/tags?post=17734"}],"curies":[{"name":"wp","href":"https:\/\/api.w.org\/{rel}","templated":true}]}}