{"id":17980,"date":"2026-02-19T09:48:00","date_gmt":"2026-02-19T12:48:00","guid":{"rendered":"https:\/\/diariodepernambuco.audiencelabs.com.br\/?p=17980"},"modified":"2026-02-19T09:46:11","modified_gmt":"2026-02-19T12:46:11","slug":"brasil-e-comunicado-e-guerra-entre-estados-unidos-e-outra-superpotencia-pode-estar-comecando","status":"publish","type":"post","link":"https:\/\/diariodepernambuco.audiencelabs.com.br\/brasil-e-comunicado-e-guerra-entre-estados-unidos-e-outra-superpotencia-pode-estar-comecando\/","title":{"rendered":"Brasil \u00e9 comunicado e guerra entre Estados Unidos e outra superpot\u00eancia pode estar come\u00e7ando"},"content":{"rendered":"\n<p>O governo brasileiro tem sido informado nos \u00faltimos dias sobre uma escalada preocupante de tens\u00e3o no Oriente M\u00e9dio que poderia, segundo analistas, sinalizar o in\u00edcio de um conflito mais amplo entre os Estados Unidos e o Ir\u00e3. A situa\u00e7\u00e3o se agravou ap\u00f3s Israel determinar a entrada em alerta m\u00e1ximo para servi\u00e7os de emerg\u00eancia e seguran\u00e7a diante do risco de uma guerra.<\/p>\n\n\n\n<p>Esse movimento eleva ainda mais a tens\u00e3o na regi\u00e3o depois de uma guerra a\u00e9rea de 12 dias entre Israel e Ir\u00e3 no ano passado, quando for\u00e7as americanas estiveram ao lado de Israel em a\u00e7\u00f5es que atingiram instala\u00e7\u00f5es iranianas. O an\u00fancio do alerta ocorreu em um momento em que a Casa Branca voltou a endurecer o discurso contra o governo iraniano.<\/p>\n\n\n\n<p>A administra\u00e7\u00e3o de Donald Trump afirma que os Estados Unidos teriam \u201cdiversos fundamentos\u201d que poderiam embasar uma a\u00e7\u00e3o militar contra Teer\u00e3, embora insistam que continuam priorizando negocia\u00e7\u00f5es.<\/p>\n\n\n\n<p>Ao mesmo tempo, as for\u00e7as armadas dos EUA est\u00e3o em estado elevado de prontid\u00e3o, com refor\u00e7os navais e a poss\u00edvel chegada do porta-avi\u00f5es USS Gerald R. Ford e outras embarca\u00e7\u00f5es ao Oriente M\u00e9dio nos pr\u00f3ximos dias, o que indica que Washington est\u00e1 preparado para uma a\u00e7\u00e3o militar mais direta caso as conversas diplom\u00e1ticas fracassem.<\/p>\n\n\n\n<p>Fontes ouvidas pela imprensa apontam que a Casa Branca poderia autorizar um ataque ao Ir\u00e3 j\u00e1 neste fim de semana, ainda que uma decis\u00e3o final do presidente Donald Trump n\u00e3o tenha sido formalizada. Para o Brasil, um eventual conflito em grande escala entre superpot\u00eancias representaria um cen\u00e1rio de instabilidade internacional do qual o pa\u00eds tamb\u00e9m teria de monitorar de perto os desdobramentos.<\/p>\n\n\n\n<h2 class=\"wp-block-heading\">Ir\u00e3 tem fortificado locais em meio a tens\u00e3o<\/h2>\n\n\n\n<p>Registros de sat\u00e9lite indicam que o Ir\u00e3 ergueu recentemente uma estrutura de concreto sobre uma nova instala\u00e7\u00e3o situada em uma \u00e1rea militar estrat\u00e9gica e, em seguida, a recobriu com terra, segundo especialistas. As obras avan\u00e7am em um ponto que teria sido alvo de bombardeios israelenses em 2024, em meio ao aumento das tens\u00f5es com os Estados Unidos.<\/p>\n\n\n\n<p>As imagens tamb\u00e9m revelam que Teer\u00e3 soterrou acessos a t\u00faneis em uma instala\u00e7\u00e3o nuclear atingida por for\u00e7as americanas durante a guerra de 12 dias entre Israel e Ir\u00e3 no ano passado. Al\u00e9m disso, o pa\u00eds refor\u00e7ou entradas subterr\u00e2neas pr\u00f3ximas a outro complexo e realizou reparos em bases de m\u00edsseis que haviam sido danificadas durante o confronto.<\/p>\n\n\n\n<p><\/p>\n","protected":false},"excerpt":{"rendered":"<p>O governo brasileiro tem sido informado nos \u00faltimos dias sobre uma escalada preocupante de tens\u00e3o no Oriente M\u00e9dio que poderia, segundo analistas, sinalizar o in\u00edcio de um conflito mais amplo entre os Estados Unidos e o Ir\u00e3. A situa\u00e7\u00e3o se agravou ap\u00f3s Israel determinar a entrada em alerta m\u00e1ximo para servi\u00e7os de emerg\u00eancia e seguran\u00e7a [&hellip;]<\/p>\n","protected":false},"author":4,"featured_media":1232,"comment_status":"open","ping_status":"open","sticky":false,"template":"","format":"standard","meta":{"jnews-multi-image_gallery":[],"jnews_single_post":{"format":"standard"},"jnews_primary_category":[],"jnews_social_meta":[],"jnews_post_split":[],"footnotes":""},"categories":[1],"tags":[],"class_list":["post-17980","post","type-post","status-publish","format-standard","has-post-thumbnail","hentry","category-uncategorized"],"_links":{"self":[{"href":"https:\/\/diariodepernambuco.audiencelabs.com.br\/wp-json\/wp\/v2\/posts\/17980","targetHints":{"allow":["GET"]}}],"collection":[{"href":"https:\/\/diariodepernambuco.audiencelabs.com.br\/wp-json\/wp\/v2\/posts"}],"about":[{"href":"https:\/\/diariodepernambuco.audiencelabs.com.br\/wp-json\/wp\/v2\/types\/post"}],"author":[{"embeddable":true,"href":"https:\/\/diariodepernambuco.audiencelabs.com.br\/wp-json\/wp\/v2\/users\/4"}],"replies":[{"embeddable":true,"href":"https:\/\/diariodepernambuco.audiencelabs.com.br\/wp-json\/wp\/v2\/comments?post=17980"}],"version-history":[{"count":2,"href":"https:\/\/diariodepernambuco.audiencelabs.com.br\/wp-json\/wp\/v2\/posts\/17980\/revisions"}],"predecessor-version":[{"id":17985,"href":"https:\/\/diariodepernambuco.audiencelabs.com.br\/wp-json\/wp\/v2\/posts\/17980\/revisions\/17985"}],"wp:featuredmedia":[{"embeddable":true,"href":"https:\/\/diariodepernambuco.audiencelabs.com.br\/wp-json\/wp\/v2\/media\/1232"}],"wp:attachment":[{"href":"https:\/\/diariodepernambuco.audiencelabs.com.br\/wp-json\/wp\/v2\/media?parent=17980"}],"wp:term":[{"taxonomy":"category","embeddable":true,"href":"https:\/\/diariodepernambuco.audiencelabs.com.br\/wp-json\/wp\/v2\/categories?post=17980"},{"taxonomy":"post_tag","embeddable":true,"href":"https:\/\/diariodepernambuco.audiencelabs.com.br\/wp-json\/wp\/v2\/tags?post=17980"}],"curies":[{"name":"wp","href":"https:\/\/api.w.org\/{rel}","templated":true}]}}