{"id":18129,"date":"2026-02-20T18:34:00","date_gmt":"2026-02-20T21:34:00","guid":{"rendered":"https:\/\/diariodepernambuco.audiencelabs.com.br\/?p=18129"},"modified":"2026-02-23T09:59:55","modified_gmt":"2026-02-23T12:59:55","slug":"pais-da-europa-esta-ficando-sem-trabalhadores-e-precisa-de-reforco-urgente","status":"publish","type":"post","link":"https:\/\/diariodepernambuco.audiencelabs.com.br\/pais-da-europa-esta-ficando-sem-trabalhadores-e-precisa-de-reforco-urgente\/","title":{"rendered":"Pa\u00eds da Europa est\u00e1 ficando sem trabalhadores e precisa de refor\u00e7o urgente"},"content":{"rendered":"<p data-start=\"84\" data-end=\"422\">A maior economia da Europa enfrenta um problema que amea&ccedil;a seu ritmo de crescimento. A Alemanha precisa incorporar cerca de 300 mil profissionais qualificados por ano para manter o funcionamento de setores estrat&eacute;gicos.<\/p>\n<p data-start=\"84\" data-end=\"422\">O alerta vem diante do envelhecimento acelerado da popula&ccedil;&atilde;o e da sa&iacute;da da gera&ccedil;&atilde;o baby boomer do mercado de trabalho.<\/p>\n<p data-start=\"424\" data-end=\"747\">Com menos jovens entrando na ativa, o pa&iacute;s v&ecirc; &aacute;reas essenciais operando no limite. Sa&uacute;de, educa&ccedil;&atilde;o e tecnologia s&atilde;o alguns dos segmentos que mais sentem os efeitos da escassez de m&atilde;o de obra. Para estrangeiros que pensam em trabalhar no continente europeu, o cen&aacute;rio representa oportunidade &mdash; mas tamb&eacute;m exige planejamento.<\/p>\n<h2 data-start=\"749\" data-end=\"768\">Setores sob press&atilde;o<\/h2>\n<p data-start=\"770\" data-end=\"1021\">Hospitais alem&atilde;es enfrentam falta de enfermeiros e outros profissionais de apoio. Escolas convivem com d&eacute;ficit de professores em diferentes n&iacute;veis de ensino. J&aacute; o setor de tecnologia mant&eacute;m alta demanda por desenvolvedores e especialistas em sistemas.<\/p>\n<p data-start=\"1023\" data-end=\"1254\">Sem refor&ccedil;o externo, especialistas apontam que a carga de trabalho pode aumentar para os profissionais que j&aacute; est&atilde;o no pa&iacute;s. H&aacute; ainda o risco de desacelera&ccedil;&atilde;o econ&ocirc;mica caso vagas importantes permane&ccedil;am abertas por longos per&iacute;odos.<\/p>\n<p data-start=\"1256\" data-end=\"1407\">O governo e entidades do setor produtivo reconhecem que a reposi&ccedil;&atilde;o interna n&atilde;o &eacute; suficiente. Por isso, a atra&ccedil;&atilde;o de estrangeiros tornou-se prioridade.<\/p>\n<h2 data-start=\"1409\" data-end=\"1441\">Burocracia e barreiras culturais<\/h2>\n<p data-start=\"1443\" data-end=\"1640\">Apesar da necessidade urgente, o caminho at&eacute; a contrata&ccedil;&atilde;o n&atilde;o &eacute; simples. O processo de visto costuma ser demorado. Profissionais relatam espera de meses at&eacute; a conclus&atilde;o das etapas administrativas.<\/p>\n<p data-start=\"1642\" data-end=\"1835\">A valida&ccedil;&atilde;o de diplomas tamb&eacute;m pode ser complexa, j&aacute; que as regras variam entre os estados alem&atilde;es. A falta de digitaliza&ccedil;&atilde;o em &oacute;rg&atilde;os p&uacute;blicos &eacute; outro ponto frequentemente citado como entrave.<\/p>\n<p data-start=\"1837\" data-end=\"2108\">Al&eacute;m das quest&otilde;es formais, o idioma representa um desafio relevante. O dom&iacute;nio do alem&atilde;o &eacute; requisito em muitas &aacute;reas, especialmente na sa&uacute;de e na educa&ccedil;&atilde;o. A adapta&ccedil;&atilde;o cultural e a dist&acirc;ncia da fam&iacute;lia tamb&eacute;m pesam na decis&atilde;o de permanecer no pa&iacute;s ap&oacute;s os primeiros anos.<\/p>\n<h2 data-start=\"2110\" data-end=\"2146\">Alternativas adotadas pelas empresas<\/h2>\n<p data-start=\"2148\" data-end=\"2387\">Diante da lentid&atilde;o dos tr&acirc;mites oficiais, parte do setor privado tem buscado solu&ccedil;&otilde;es pr&oacute;prias. Algumas empresas passaram a investir em programas de forma&ccedil;&atilde;o interna, recrutando jovens e capacitando-os dentro do sistema educacional alem&atilde;o.<\/p>\n<p data-start=\"2389\" data-end=\"2560\">Essa estrat&eacute;gia reduz etapas de reconhecimento profissional e facilita a integra&ccedil;&atilde;o ao mercado. Ao mesmo tempo, demonstra que a disputa por talentos ultrapassa fronteiras.<\/p>\n<p data-start=\"2562\" data-end=\"2802\" data-is-last-node=\"\" data-is-only-node=\"\">A Alemanha vive uma corrida global por trabalhadores qualificados. O resultado dessa busca depender&aacute; da capacidade de tornar os processos mais &aacute;geis e de criar um ambiente atrativo para quem decide construir carreira fora do pa&iacute;s de origem.<\/p>\n","protected":false},"excerpt":{"rendered":"<p>A maior economia da Europa enfrenta um problema que amea&ccedil;a seu ritmo de crescimento. A Alemanha precisa incorporar cerca de 300 mil profissionais qualificados por ano para manter o funcionamento de setores estrat&eacute;gicos. O alerta vem diante do envelhecimento acelerado da popula&ccedil;&atilde;o e da sa&iacute;da da gera&ccedil;&atilde;o baby boomer do mercado de trabalho. Com menos [&hellip;]<\/p>\n","protected":false},"author":18,"featured_media":18378,"comment_status":"open","ping_status":"open","sticky":false,"template":"","format":"standard","meta":{"jnews-multi-image_gallery":[],"jnews_single_post":{"format":"standard"},"jnews_primary_category":[],"jnews_social_meta":[],"jnews_post_split":[],"footnotes":""},"categories":[1],"tags":[],"class_list":["post-18129","post","type-post","status-publish","format-standard","has-post-thumbnail","hentry","category-uncategorized"],"_links":{"self":[{"href":"https:\/\/diariodepernambuco.audiencelabs.com.br\/wp-json\/wp\/v2\/posts\/18129","targetHints":{"allow":["GET"]}}],"collection":[{"href":"https:\/\/diariodepernambuco.audiencelabs.com.br\/wp-json\/wp\/v2\/posts"}],"about":[{"href":"https:\/\/diariodepernambuco.audiencelabs.com.br\/wp-json\/wp\/v2\/types\/post"}],"author":[{"embeddable":true,"href":"https:\/\/diariodepernambuco.audiencelabs.com.br\/wp-json\/wp\/v2\/users\/18"}],"replies":[{"embeddable":true,"href":"https:\/\/diariodepernambuco.audiencelabs.com.br\/wp-json\/wp\/v2\/comments?post=18129"}],"version-history":[{"count":2,"href":"https:\/\/diariodepernambuco.audiencelabs.com.br\/wp-json\/wp\/v2\/posts\/18129\/revisions"}],"predecessor-version":[{"id":18379,"href":"https:\/\/diariodepernambuco.audiencelabs.com.br\/wp-json\/wp\/v2\/posts\/18129\/revisions\/18379"}],"wp:featuredmedia":[{"embeddable":true,"href":"https:\/\/diariodepernambuco.audiencelabs.com.br\/wp-json\/wp\/v2\/media\/18378"}],"wp:attachment":[{"href":"https:\/\/diariodepernambuco.audiencelabs.com.br\/wp-json\/wp\/v2\/media?parent=18129"}],"wp:term":[{"taxonomy":"category","embeddable":true,"href":"https:\/\/diariodepernambuco.audiencelabs.com.br\/wp-json\/wp\/v2\/categories?post=18129"},{"taxonomy":"post_tag","embeddable":true,"href":"https:\/\/diariodepernambuco.audiencelabs.com.br\/wp-json\/wp\/v2\/tags?post=18129"}],"curies":[{"name":"wp","href":"https:\/\/api.w.org\/{rel}","templated":true}]}}