{"id":18197,"date":"2026-02-20T12:03:00","date_gmt":"2026-02-20T15:03:00","guid":{"rendered":"https:\/\/diariodepernambuco.audiencelabs.com.br\/?p=18197"},"modified":"2026-02-20T11:20:15","modified_gmt":"2026-02-20T14:20:15","slug":"quem-nao-pagar-o-imposto-de-renda-2026-vai-ser-preso","status":"publish","type":"post","link":"https:\/\/diariodepernambuco.audiencelabs.com.br\/quem-nao-pagar-o-imposto-de-renda-2026-vai-ser-preso\/","title":{"rendered":"Quem n\u00e3o pagar o Imposto de Renda 2026 vai ser preso?"},"content":{"rendered":"\n<p>A d\u00favida \u00e9 comum entre contribuintes todos os anos: deixar de pagar o Imposto de Renda pode levar \u00e0 pris\u00e3o? A resposta direta \u00e9 n\u00e3o \u2014 a simples inadimpl\u00eancia, ou seja, n\u00e3o pagar por falta de dinheiro, n\u00e3o gera pris\u00e3o autom\u00e1tica. Tamb\u00e9m \u00e9 mito que apenas deixar de entregar a declara\u00e7\u00e3o leve algu\u00e9m diretamente \u00e0 cadeia.<\/p>\n\n\n\n<p>No entanto, a situa\u00e7\u00e3o pode se agravar caso haja fraude ou tentativa de esconder informa\u00e7\u00f5es. O que pode virar crime \u00e9 a chamada sonega\u00e7\u00e3o fiscal. Quando h\u00e1 oculta\u00e7\u00e3o de bens, omiss\u00e3o intencional de rendimentos ou n\u00e3o repasse de imposto retido na fonte, a conduta deixa de ser apenas uma d\u00edvida e passa a ser enquadrada como crime contra a ordem tribut\u00e1ria.<\/p>\n\n\n\n<p>Nesses casos, a legisla\u00e7\u00e3o prev\u00ea pena de seis meses a dois anos de deten\u00e7\u00e3o, al\u00e9m de multa. Mesmo sem risco imediato de pris\u00e3o por simples atraso, as consequ\u00eancias administrativas podem ser severas. O contribuinte pode ficar com o CPF pendente de regulariza\u00e7\u00e3o, o que impede a emiss\u00e3o de passaporte, dificulta a obten\u00e7\u00e3o de empr\u00e9stimos e a abertura de contas banc\u00e1rias.<\/p>\n\n\n\n<p>Al\u00e9m disso, a multa por atraso pode aumentar consideravelmente o valor da d\u00edvida ao longo do tempo. Se a d\u00edvida n\u00e3o for quitada, a Receita Federal pode protestar o d\u00e9bito em cart\u00f3rio e ingressar com a\u00e7\u00e3o judicial para cobran\u00e7a. Isso pode resultar no bloqueio de contas banc\u00e1rias, penhora de bens e outras medidas legais para garantir o pagamento.<\/p>\n\n\n\n<h2 class=\"wp-block-heading\">Imposto de Renda 2026: aten\u00e7\u00e3o aos prazos e \u00e0s regras<\/h2>\n\n\n\n<p>O Imposto de Renda 2026, referente ao ano-base 2025, deve seguir o calend\u00e1rio tradicional da Receita Federal do Brasil, com prazo de entrega geralmente entre mar\u00e7o e maio. \u00c9 fundamental que os contribuintes re\u00fanam informes de rendimentos, comprovantes de despesas dedut\u00edveis e dados banc\u00e1rios com anteced\u00eancia para evitar erros e cair na malha fina.<\/p>\n\n\n\n<p>Al\u00e9m disso, acompanhar poss\u00edveis mudan\u00e7as nas faixas de isen\u00e7\u00e3o, limites de dedu\u00e7\u00e3o e regras de obrigatoriedade \u00e9 essencial para n\u00e3o cometer equ\u00edvocos na declara\u00e7\u00e3o. Quem se organiza e envia as informa\u00e7\u00f5es corretamente reduz o risco de multas, pend\u00eancias no CPF e problemas futuros com o Fisco.<\/p>\n\n\n\n<p><\/p>\n","protected":false},"excerpt":{"rendered":"<p>A d\u00favida \u00e9 comum entre contribuintes todos os anos: deixar de pagar o Imposto de Renda pode levar \u00e0 pris\u00e3o? A resposta direta \u00e9 n\u00e3o \u2014 a simples inadimpl\u00eancia, ou seja, n\u00e3o pagar por falta de dinheiro, n\u00e3o gera pris\u00e3o autom\u00e1tica. Tamb\u00e9m \u00e9 mito que apenas deixar de entregar a declara\u00e7\u00e3o leve algu\u00e9m diretamente \u00e0 [&hellip;]<\/p>\n","protected":false},"author":4,"featured_media":1718,"comment_status":"open","ping_status":"open","sticky":false,"template":"","format":"standard","meta":{"jnews-multi-image_gallery":[],"jnews_single_post":{"format":"standard"},"jnews_primary_category":[],"jnews_social_meta":[],"jnews_post_split":[],"footnotes":""},"categories":[1],"tags":[],"class_list":["post-18197","post","type-post","status-publish","format-standard","has-post-thumbnail","hentry","category-uncategorized"],"_links":{"self":[{"href":"https:\/\/diariodepernambuco.audiencelabs.com.br\/wp-json\/wp\/v2\/posts\/18197","targetHints":{"allow":["GET"]}}],"collection":[{"href":"https:\/\/diariodepernambuco.audiencelabs.com.br\/wp-json\/wp\/v2\/posts"}],"about":[{"href":"https:\/\/diariodepernambuco.audiencelabs.com.br\/wp-json\/wp\/v2\/types\/post"}],"author":[{"embeddable":true,"href":"https:\/\/diariodepernambuco.audiencelabs.com.br\/wp-json\/wp\/v2\/users\/4"}],"replies":[{"embeddable":true,"href":"https:\/\/diariodepernambuco.audiencelabs.com.br\/wp-json\/wp\/v2\/comments?post=18197"}],"version-history":[{"count":2,"href":"https:\/\/diariodepernambuco.audiencelabs.com.br\/wp-json\/wp\/v2\/posts\/18197\/revisions"}],"predecessor-version":[{"id":18199,"href":"https:\/\/diariodepernambuco.audiencelabs.com.br\/wp-json\/wp\/v2\/posts\/18197\/revisions\/18199"}],"wp:featuredmedia":[{"embeddable":true,"href":"https:\/\/diariodepernambuco.audiencelabs.com.br\/wp-json\/wp\/v2\/media\/1718"}],"wp:attachment":[{"href":"https:\/\/diariodepernambuco.audiencelabs.com.br\/wp-json\/wp\/v2\/media?parent=18197"}],"wp:term":[{"taxonomy":"category","embeddable":true,"href":"https:\/\/diariodepernambuco.audiencelabs.com.br\/wp-json\/wp\/v2\/categories?post=18197"},{"taxonomy":"post_tag","embeddable":true,"href":"https:\/\/diariodepernambuco.audiencelabs.com.br\/wp-json\/wp\/v2\/tags?post=18197"}],"curies":[{"name":"wp","href":"https:\/\/api.w.org\/{rel}","templated":true}]}}