{"id":1821,"date":"2025-08-25T20:00:00","date_gmt":"2025-08-25T23:00:00","guid":{"rendered":"https:\/\/diariodepernambuco.audiencelabs.com.br\/?p=1821"},"modified":"2025-08-24T21:40:40","modified_gmt":"2025-08-25T00:40:40","slug":"qual-o-favorito-a-vencer-eleicao-para-governo-de-sao-paulo","status":"publish","type":"post","link":"https:\/\/diariodepernambuco.audiencelabs.com.br\/qual-o-favorito-a-vencer-eleicao-para-governo-de-sao-paulo\/","title":{"rendered":"Qual o favorito a vencer elei\u00e7\u00e3o para Governo de S\u00e3o Paulo?"},"content":{"rendered":"\n<p>A pesquisa Quaest, divulgada na \u00faltima sexta-feira (22), indica que 43% dos eleitores de S\u00e3o Paulo pretendem votar em Tarc\u00edsio de Freitas (Republicanos) para governador nas elei\u00e7\u00f5es de 2026. O levantamento, encomendado pela Genial Investimentos, foi realizado entre os dias 13 e 17 de agosto.<\/p>\n\n\n\n<p>Foram ouvidos 1.644 eleitores de S\u00e3o Paulo com 16 anos ou mais, e a margem de erro \u00e9 de dois pontos percentuais para mais ou para menos. O n\u00edvel de confian\u00e7a \u00e9 de 95%. Al\u00e9m do atual governador, tamb\u00e9m foram citados Geraldo Alckmin (PSB &#8211; 21%), Erika Hilton (PSOL &#8211; 8%), Paulo Serra (PSDB &#8211; 3%) e Felipe D&#8217;\u00c1vila (Novo &#8211; 2%).<\/p>\n\n\n\n<p>A pesquisa Quaest mostra que o governo de Tarc\u00edsio de Freitas (Republicanos) \u00e9 aprovado por 60% dos eleitores de S\u00e3o Paulo, enquanto 29% desaprovam sua gest\u00e3o. O levantamento indica que a aprova\u00e7\u00e3o do governo se manteve est\u00e1vel entre abril de 2024 e agosto de 2025.<\/p>\n\n\n\n<p>Na pesquisa de abril de 2024, Tarc\u00edsio obteve 62% de aprova\u00e7\u00e3o. Em dezembro de 2024, a aprova\u00e7\u00e3o foi de 61%, mesmo percentual registrado em fevereiro deste ano. Nas elei\u00e7\u00f5es de 2022, Tarc\u00edsio alcan\u00e7ou quase 13,5 milh\u00f5es de votos no segundo turno, superando Fernando Haddad (PT), que somou quase 11 milh\u00f5es de eleitores.<\/p>\n\n\n\n<h2 class=\"wp-block-heading\">Presidente Lula lidera em todos os cen\u00e1rios<\/h2>\n\n\n\n<p>Ainda segundo a Quaest, <a href=\"https:\/\/www.diariodepernambuco.com.br\/politica\/2025\/08\/11693888-genial-quaest-lula-amplia-vantagem-sobre-rivais-da-direita-em-cenarios-de-2-turno-para-2026.html\" data-type=\"link\" data-id=\"https:\/\/www.diariodepernambuco.com.br\/politica\/2025\/08\/11693888-genial-quaest-lula-amplia-vantagem-sobre-rivais-da-direita-em-cenarios-de-2-turno-para-2026.html\" target=\"_blank\" rel=\"noopener\">o presidente Lula lidera em todos os cen\u00e1rios de 1\u00ba e 2\u00ba turno na disputa para a Presid\u00eancia da Rep\u00fablica nas elei\u00e7\u00f5es de 2026<\/a>. Ele descolou de todos os nomes pesquisados em eventual 2\u00ba turno, inclusive do governador de SP, Tarc\u00edsio de Freitas (Republicanos), com quem estava em empate t\u00e9cnico no limite da margem de erro na pesquisa anterior.<\/p>\n\n\n\n<p>A pesquisa avaliou cinco cen\u00e1rios para o 1\u00ba turno e nove cen\u00e1rios para o 2\u00ba turno. Entre os eventuais candidatos analisados est\u00e3o Lula, Bolsonaro, Tarc\u00edsio de Freitas, Michelle Bolsonaro (PL), Ratinho J\u00fanior (PSD), Eduardo Leite (PSD), Eduardo Bolsonaro (PL), Romeu Zema (Novo), Ronaldo Caiado (Uni\u00e3o) e Fl\u00e1vio Bolsonaro.<\/p>\n","protected":false},"excerpt":{"rendered":"<p>A pesquisa Quaest, divulgada na \u00faltima sexta-feira (22), indica que 43% dos eleitores de S\u00e3o Paulo pretendem votar em Tarc\u00edsio de Freitas (Republicanos) para governador nas elei\u00e7\u00f5es de 2026. O levantamento, encomendado pela Genial Investimentos, foi realizado entre os dias 13 e 17 de agosto. Foram ouvidos 1.644 eleitores de S\u00e3o Paulo com 16 anos [&hellip;]<\/p>\n","protected":false},"author":4,"featured_media":1822,"comment_status":"open","ping_status":"open","sticky":false,"template":"","format":"standard","meta":{"jnews-multi-image_gallery":[],"jnews_single_post":{"format":"standard"},"jnews_primary_category":[],"jnews_social_meta":[],"jnews_post_split":[],"footnotes":""},"categories":[1],"tags":[],"class_list":["post-1821","post","type-post","status-publish","format-standard","has-post-thumbnail","hentry","category-uncategorized"],"_links":{"self":[{"href":"https:\/\/diariodepernambuco.audiencelabs.com.br\/wp-json\/wp\/v2\/posts\/1821","targetHints":{"allow":["GET"]}}],"collection":[{"href":"https:\/\/diariodepernambuco.audiencelabs.com.br\/wp-json\/wp\/v2\/posts"}],"about":[{"href":"https:\/\/diariodepernambuco.audiencelabs.com.br\/wp-json\/wp\/v2\/types\/post"}],"author":[{"embeddable":true,"href":"https:\/\/diariodepernambuco.audiencelabs.com.br\/wp-json\/wp\/v2\/users\/4"}],"replies":[{"embeddable":true,"href":"https:\/\/diariodepernambuco.audiencelabs.com.br\/wp-json\/wp\/v2\/comments?post=1821"}],"version-history":[{"count":3,"href":"https:\/\/diariodepernambuco.audiencelabs.com.br\/wp-json\/wp\/v2\/posts\/1821\/revisions"}],"predecessor-version":[{"id":1826,"href":"https:\/\/diariodepernambuco.audiencelabs.com.br\/wp-json\/wp\/v2\/posts\/1821\/revisions\/1826"}],"wp:featuredmedia":[{"embeddable":true,"href":"https:\/\/diariodepernambuco.audiencelabs.com.br\/wp-json\/wp\/v2\/media\/1822"}],"wp:attachment":[{"href":"https:\/\/diariodepernambuco.audiencelabs.com.br\/wp-json\/wp\/v2\/media?parent=1821"}],"wp:term":[{"taxonomy":"category","embeddable":true,"href":"https:\/\/diariodepernambuco.audiencelabs.com.br\/wp-json\/wp\/v2\/categories?post=1821"},{"taxonomy":"post_tag","embeddable":true,"href":"https:\/\/diariodepernambuco.audiencelabs.com.br\/wp-json\/wp\/v2\/tags?post=1821"}],"curies":[{"name":"wp","href":"https:\/\/api.w.org\/{rel}","templated":true}]}}