{"id":18212,"date":"2026-02-20T14:02:00","date_gmt":"2026-02-20T17:02:00","guid":{"rendered":"https:\/\/diariodepernambuco.audiencelabs.com.br\/?p=18212"},"modified":"2026-02-20T12:37:34","modified_gmt":"2026-02-20T15:37:34","slug":"numero-de-mortes-no-carnaval-2026-foi-assustador","status":"publish","type":"post","link":"https:\/\/diariodepernambuco.audiencelabs.com.br\/numero-de-mortes-no-carnaval-2026-foi-assustador\/","title":{"rendered":"N\u00famero de mortes no Carnaval 2026 foi assustador"},"content":{"rendered":"\n<p>O Carnaval de 2026 nas rodovias federais brasileiras terminou com n\u00fameros que chocaram autoridades e especialistas em seguran\u00e7a vi\u00e1ria. Segundo o balan\u00e7o divulgado pela Pol\u00edcia Rodovi\u00e1ria Federal, foram registrados 130 \u00f3bitos e 1.481 feridos em 1.241 acidentes no per\u00edodo de 13 a 18 de fevereiro \u2014 um salto consider\u00e1vel em rela\u00e7\u00e3o ao feriado anterior.<\/p>\n\n\n\n<p>Os dados mostram que este foi o Carnaval mais violento nas estradas federais desde pelo menos 2020, superando as 85 mortes e 1.433 pessoas feridas registradas no mesmo feriado em 2025. A maioria das v\u00edtimas estava em autom\u00f3veis e motocicletas, e o aumento de sinistros graves foi de cerca de 8,5% em compara\u00e7\u00e3o com o ano passado.<\/p>\n\n\n\n<p>As autoridades destacaram que, apesar do refor\u00e7o na fiscaliza\u00e7\u00e3o \u2014 com foco no combate \u00e0 alcoolemia ao volante, excesso de velocidade e ultrapassagens proibidas \u2014 muitos acidentes ocorreram em trechos que n\u00e3o s\u00e3o considerados cr\u00edticos, o que torna ainda mais preocupante o cen\u00e1rio.<\/p>\n\n\n\n<p>A sequ\u00eancia de acidentes e mortes acende um alerta para motoristas e autoridades. Mesmo com campanhas educativas e fiscaliza\u00e7\u00e3o refor\u00e7ada, imprud\u00eancia e desaten\u00e7\u00e3o seguem causando trag\u00e9dias nas rodovias brasileiras. Especialistas refor\u00e7am a necessidade de respeitar os limites de velocidade e nunca dirigir ap\u00f3s consumir \u00e1lcool para reduzir riscos nos pr\u00f3ximos feriados.<\/p>\n\n\n\n<h2 class=\"wp-block-heading\">Fiscaliza\u00e7\u00e3o refor\u00e7ada e imprud\u00eancia seguem no centro do problema<\/h2>\n\n\n\n<p>De acordo com a Pol\u00edcia Rodovi\u00e1ria Federal, a Opera\u00e7\u00e3o Carnaval integrou o programa Rodovida e intensificou a\u00e7\u00f5es de combate ao excesso de velocidade, ultrapassagens perigosas e dire\u00e7\u00e3o sob efeito de \u00e1lcool. Mesmo com o aumento no n\u00famero de abordagens e testes de baf\u00f4metro, os \u00edndices de acidentes graves permaneceram elevados em diversas regi\u00f5es do pa\u00eds.<\/p>\n\n\n\n<p>O balan\u00e7o refor\u00e7a que parte significativa das ocorr\u00eancias est\u00e1 ligada a comportamentos de risco, especialmente em trechos de pista simples. Para as autoridades, al\u00e9m da presen\u00e7a policial, \u00e9 fundamental investir continuamente em educa\u00e7\u00e3o no tr\u00e2nsito e conscientiza\u00e7\u00e3o dos condutores para tentar reduzir os n\u00fameros nos pr\u00f3ximos anos.<\/p>\n\n\n\n<p><\/p>\n","protected":false},"excerpt":{"rendered":"<p>O Carnaval de 2026 nas rodovias federais brasileiras terminou com n\u00fameros que chocaram autoridades e especialistas em seguran\u00e7a vi\u00e1ria. Segundo o balan\u00e7o divulgado pela Pol\u00edcia Rodovi\u00e1ria Federal, foram registrados 130 \u00f3bitos e 1.481 feridos em 1.241 acidentes no per\u00edodo de 13 a 18 de fevereiro \u2014 um salto consider\u00e1vel em rela\u00e7\u00e3o ao feriado anterior. Os [&hellip;]<\/p>\n","protected":false},"author":4,"featured_media":18217,"comment_status":"open","ping_status":"open","sticky":false,"template":"","format":"standard","meta":{"jnews-multi-image_gallery":[],"jnews_single_post":{"format":"standard"},"jnews_primary_category":[],"jnews_social_meta":[],"jnews_post_split":[],"footnotes":""},"categories":[1],"tags":[],"class_list":["post-18212","post","type-post","status-publish","format-standard","has-post-thumbnail","hentry","category-uncategorized"],"_links":{"self":[{"href":"https:\/\/diariodepernambuco.audiencelabs.com.br\/wp-json\/wp\/v2\/posts\/18212","targetHints":{"allow":["GET"]}}],"collection":[{"href":"https:\/\/diariodepernambuco.audiencelabs.com.br\/wp-json\/wp\/v2\/posts"}],"about":[{"href":"https:\/\/diariodepernambuco.audiencelabs.com.br\/wp-json\/wp\/v2\/types\/post"}],"author":[{"embeddable":true,"href":"https:\/\/diariodepernambuco.audiencelabs.com.br\/wp-json\/wp\/v2\/users\/4"}],"replies":[{"embeddable":true,"href":"https:\/\/diariodepernambuco.audiencelabs.com.br\/wp-json\/wp\/v2\/comments?post=18212"}],"version-history":[{"count":3,"href":"https:\/\/diariodepernambuco.audiencelabs.com.br\/wp-json\/wp\/v2\/posts\/18212\/revisions"}],"predecessor-version":[{"id":18218,"href":"https:\/\/diariodepernambuco.audiencelabs.com.br\/wp-json\/wp\/v2\/posts\/18212\/revisions\/18218"}],"wp:featuredmedia":[{"embeddable":true,"href":"https:\/\/diariodepernambuco.audiencelabs.com.br\/wp-json\/wp\/v2\/media\/18217"}],"wp:attachment":[{"href":"https:\/\/diariodepernambuco.audiencelabs.com.br\/wp-json\/wp\/v2\/media?parent=18212"}],"wp:term":[{"taxonomy":"category","embeddable":true,"href":"https:\/\/diariodepernambuco.audiencelabs.com.br\/wp-json\/wp\/v2\/categories?post=18212"},{"taxonomy":"post_tag","embeddable":true,"href":"https:\/\/diariodepernambuco.audiencelabs.com.br\/wp-json\/wp\/v2\/tags?post=18212"}],"curies":[{"name":"wp","href":"https:\/\/api.w.org\/{rel}","templated":true}]}}