{"id":18242,"date":"2026-02-22T10:41:00","date_gmt":"2026-02-22T13:41:00","guid":{"rendered":"https:\/\/diariodepernambuco.audiencelabs.com.br\/?p=18242"},"modified":"2026-02-20T13:32:09","modified_gmt":"2026-02-20T16:32:09","slug":"cuba-recebe-pessima-noticia-sobre-petroleo-no-pais","status":"publish","type":"post","link":"https:\/\/diariodepernambuco.audiencelabs.com.br\/cuba-recebe-pessima-noticia-sobre-petroleo-no-pais\/","title":{"rendered":"Cuba recebe p\u00e9ssima not\u00edcia sobre petr\u00f3leo no pa\u00eds"},"content":{"rendered":"<p data-start=\"298\" data-end=\"599\">Cuba voltou a enfrentar dificuldades s&eacute;rias no fornecimento de petr&oacute;leo. A crise coloca em evid&ecirc;ncia uma fragilidade estrutural: a ilha nunca desenvolveu um programa s&oacute;lido de etanol para substituir parcialmente os combust&iacute;veis f&oacute;sseis. Esse vazio torna o pa&iacute;s mais suscet&iacute;vel a interrup&ccedil;&otilde;es externas.<\/p>\n<p data-start=\"640\" data-end=\"988\">Enquanto Cuba dependia da Uni&atilde;o Sovi&eacute;tica, o Brasil adotava estrat&eacute;gia pr&oacute;pria. Nos anos 1970, o Pro&aacute;lcool surgiu para reduzir a vulnerabilidade energ&eacute;tica diante do aumento do pre&ccedil;o do petr&oacute;leo e para absorver o excedente de cana. A pol&iacute;tica brasileira combinava energia e agricultura, criando uma rede integrada de produ&ccedil;&atilde;o e consumo de etanol.<\/p>\n<p data-start=\"990\" data-end=\"1209\">Cuba, com mercado de a&ccedil;&uacute;car garantido e suprimento energ&eacute;tico est&aacute;vel, n&atilde;o via prioridade no biocombust&iacute;vel. A produ&ccedil;&atilde;o interna de etanol era pouco explorada, e investimentos se concentravam em outras &aacute;reas da economia.<\/p>\n<h2 data-start=\"1211\" data-end=\"1244\">Impactos da ruptura sovi&eacute;tica<\/h2>\n<p data-start=\"1246\" data-end=\"1741\">O fim da Uni&atilde;o Sovi&eacute;tica nos anos 1990 mudou o cen&aacute;rio cubano. A falta de insumos e recursos financeiros for&ccedil;ou o fechamento de usinas e a reestrutura&ccedil;&atilde;o do setor a&ccedil;ucareiro.<\/p>\n<p data-start=\"1246\" data-end=\"1741\">Decis&otilde;es que pareciam l&oacute;gicas no momento reduziram a capacidade industrial necess&aacute;ria para apoiar um programa de etanol consistente. Mesmo com interc&acirc;mbio t&eacute;cnico com especialistas brasileiros, a ilha carecia de financiamento, mercado interno e regras est&aacute;veis para transformar tecnologia em pol&iacute;tica energ&eacute;tica pr&aacute;tica.<\/p>\n<p data-start=\"1766\" data-end=\"2128\">No Brasil, o etanol tornou-se estrat&eacute;gico: influencia pre&ccedil;os, balan&ccedil;a comercial e escolhas do consumidor. J&aacute; em Cuba, a aus&ecirc;ncia de biocombust&iacute;veis deixou o pa&iacute;s mais exposto &agrave; importa&ccedil;&atilde;o de petr&oacute;leo, tornando-o vulner&aacute;vel a crises externas.<\/p>\n<p data-start=\"1766\" data-end=\"2128\">Um programa de etanol n&atilde;o eliminaria a depend&ecirc;ncia, mas poderia ter funcionado como um amortecedor em per&iacute;odos cr&iacute;ticos.<\/p>\n<h2 data-start=\"2130\" data-end=\"2156\">Li&ccedil;&otilde;es de planejamento<\/h2>\n<p data-start=\"2158\" data-end=\"2520\">O contraste entre os dois pa&iacute;ses mostra como decis&otilde;es tomadas em contextos diferentes geram resultados distintos.<\/p>\n<p data-start=\"2158\" data-end=\"2520\">A estrat&eacute;gia brasileira, constru&iacute;da sob press&atilde;o econ&ocirc;mica e energ&eacute;tica, fortaleceu a resili&ecirc;ncia nacional. Cuba, por outro lado, priorizou estabilidade imediata, pagando o pre&ccedil;o d&eacute;cadas depois com maior fragilidade diante de choques internacionais.<\/p>\n<p data-start=\"2541\" data-end=\"2878\">Hoje, a falta de alternativas energ&eacute;ticas coloca Cuba em alerta. O debate sobre biocombust&iacute;veis, antes acad&ecirc;mico, ganha urg&ecirc;ncia.<\/p>\n<p data-start=\"2541\" data-end=\"2878\">Criar mecanismos internos para reduzir a depend&ecirc;ncia externa poderia ajudar a mitigar riscos, mas requer investimento, regula&ccedil;&atilde;o e vis&atilde;o de longo prazo &mdash; elementos que ficaram ausentes nas escolhas passadas.<\/p>\n","protected":false},"excerpt":{"rendered":"<p>Cuba voltou a enfrentar dificuldades s&eacute;rias no fornecimento de petr&oacute;leo. A crise coloca em evid&ecirc;ncia uma fragilidade estrutural: a ilha nunca desenvolveu um programa s&oacute;lido de etanol para substituir parcialmente os combust&iacute;veis f&oacute;sseis. Esse vazio torna o pa&iacute;s mais suscet&iacute;vel a interrup&ccedil;&otilde;es externas. Enquanto Cuba dependia da Uni&atilde;o Sovi&eacute;tica, o Brasil adotava estrat&eacute;gia pr&oacute;pria. Nos [&hellip;]<\/p>\n","protected":false},"author":18,"featured_media":18241,"comment_status":"open","ping_status":"open","sticky":false,"template":"","format":"standard","meta":{"jnews-multi-image_gallery":[],"jnews_single_post":[],"jnews_primary_category":[],"jnews_social_meta":[],"jnews_post_split":[],"footnotes":""},"categories":[1],"tags":[],"class_list":["post-18242","post","type-post","status-publish","format-standard","has-post-thumbnail","hentry","category-uncategorized"],"_links":{"self":[{"href":"https:\/\/diariodepernambuco.audiencelabs.com.br\/wp-json\/wp\/v2\/posts\/18242","targetHints":{"allow":["GET"]}}],"collection":[{"href":"https:\/\/diariodepernambuco.audiencelabs.com.br\/wp-json\/wp\/v2\/posts"}],"about":[{"href":"https:\/\/diariodepernambuco.audiencelabs.com.br\/wp-json\/wp\/v2\/types\/post"}],"author":[{"embeddable":true,"href":"https:\/\/diariodepernambuco.audiencelabs.com.br\/wp-json\/wp\/v2\/users\/18"}],"replies":[{"embeddable":true,"href":"https:\/\/diariodepernambuco.audiencelabs.com.br\/wp-json\/wp\/v2\/comments?post=18242"}],"version-history":[{"count":1,"href":"https:\/\/diariodepernambuco.audiencelabs.com.br\/wp-json\/wp\/v2\/posts\/18242\/revisions"}],"predecessor-version":[{"id":18243,"href":"https:\/\/diariodepernambuco.audiencelabs.com.br\/wp-json\/wp\/v2\/posts\/18242\/revisions\/18243"}],"wp:featuredmedia":[{"embeddable":true,"href":"https:\/\/diariodepernambuco.audiencelabs.com.br\/wp-json\/wp\/v2\/media\/18241"}],"wp:attachment":[{"href":"https:\/\/diariodepernambuco.audiencelabs.com.br\/wp-json\/wp\/v2\/media?parent=18242"}],"wp:term":[{"taxonomy":"category","embeddable":true,"href":"https:\/\/diariodepernambuco.audiencelabs.com.br\/wp-json\/wp\/v2\/categories?post=18242"},{"taxonomy":"post_tag","embeddable":true,"href":"https:\/\/diariodepernambuco.audiencelabs.com.br\/wp-json\/wp\/v2\/tags?post=18242"}],"curies":[{"name":"wp","href":"https:\/\/api.w.org\/{rel}","templated":true}]}}