{"id":18453,"date":"2026-02-23T15:02:00","date_gmt":"2026-02-23T18:02:00","guid":{"rendered":"https:\/\/diariodepernambuco.audiencelabs.com.br\/?p=18453"},"modified":"2026-02-23T14:14:24","modified_gmt":"2026-02-23T17:14:24","slug":"conta-de-luz-sobe-em-2026-apos-governo-tomar-nova-decisao","status":"publish","type":"post","link":"https:\/\/diariodepernambuco.audiencelabs.com.br\/conta-de-luz-sobe-em-2026-apos-governo-tomar-nova-decisao\/","title":{"rendered":"Conta de luz sobe em 2026 ap\u00f3s Governo tomar nova decis\u00e3o"},"content":{"rendered":"\n<p>A conta de luz dos brasileiros deve ficar mais cara em 2026, com eleva\u00e7\u00e3o acima do \u00edndice oficial de infla\u00e7\u00e3o prevista para o ano. Consultorias e institui\u00e7\u00f5es financeiras indicam que os reajustes podem variar entre 5,1% e 7,95%, pressionados principalmente por fatores clim\u00e1ticos e pela necessidade de acionar fontes de energia mais caras, como usinas termel\u00e9tricas durante per\u00edodos de seca.<\/p>\n\n\n\n<p>Al\u00e9m disso, o peso de subs\u00eddios embutidos nas tarifas tamb\u00e9m contribui para aumentar o valor final pago pelos consumidores. Um dos principais motivos para essa alta \u00e9 a situa\u00e7\u00e3o dos reservat\u00f3rios de \u00e1gua que alimentam as hidrel\u00e9tricas. Com n\u00edveis abaixo da m\u00e9dia hist\u00f3rica, h\u00e1 maior uso de termel\u00e9tricas, cujo custo de gera\u00e7\u00e3o \u00e9 significativamente mais elevado e acaba sendo repassado ao consumidor.<\/p>\n\n\n\n<p>O risco de o fen\u00f4meno El Ni\u00f1o reduzir ainda mais o volume de chuvas em regi\u00f5es como Norte e Nordeste pode agravar esse cen\u00e1rio ao longo do ano. Outro elemento importante que pressiona a tarifa \u00e9 o aumento dos subs\u00eddios do setor el\u00e9trico, que s\u00e3o financiados pelos consumidores por meio de encargos na conta de luz.<\/p>\n\n\n\n<p>Para 2026, est\u00e3o previstos cerca de R$ 47,8 bilh\u00f5es em subs\u00eddios na Conta de Desenvolvimento Energ\u00e9tico (CDE), valor superior ao registrado em 2025 e que tende a encarecer ainda mais a fatura de energia el\u00e9trica.<\/p>\n\n\n\n<h2 class=\"wp-block-heading\">Entenda o impacto no bolso do consumidor<\/h2>\n\n\n\n<p>O aumento nas tarifas deve refletir diretamente no or\u00e7amento das fam\u00edlias e tamb\u00e9m no custo de produ\u00e7\u00e3o das empresas, j\u00e1 que a energia el\u00e9trica \u00e9 insumo essencial para praticamente todos os setores da economia. Com reajustes acima da infla\u00e7\u00e3o, a conta de luz tende a pressionar ainda mais o custo de vida em 2026, podendo influenciar inclusive os \u00edndices oficiais de pre\u00e7os ao consumidor.<\/p>\n\n\n\n<p>Especialistas recomendam aten\u00e7\u00e3o ao consumo e refor\u00e7o em medidas de economia de energia, como substitui\u00e7\u00e3o de equipamentos antigos por modelos mais eficientes e uso consciente de aparelhos de alto consumo. Em um cen\u00e1rio de poss\u00edvel acionamento de bandeiras tarif\u00e1rias mais caras, pequenas mudan\u00e7as de h\u00e1bito podem ajudar a reduzir o impacto do aumento no fim do m\u00eas.<\/p>\n\n\n\n<p><\/p>\n","protected":false},"excerpt":{"rendered":"<p>A conta de luz dos brasileiros deve ficar mais cara em 2026, com eleva\u00e7\u00e3o acima do \u00edndice oficial de infla\u00e7\u00e3o prevista para o ano. Consultorias e institui\u00e7\u00f5es financeiras indicam que os reajustes podem variar entre 5,1% e 7,95%, pressionados principalmente por fatores clim\u00e1ticos e pela necessidade de acionar fontes de energia mais caras, como usinas [&hellip;]<\/p>\n","protected":false},"author":4,"featured_media":1631,"comment_status":"open","ping_status":"open","sticky":false,"template":"","format":"standard","meta":{"jnews-multi-image_gallery":[],"jnews_single_post":{"format":"standard"},"jnews_primary_category":[],"jnews_social_meta":[],"jnews_post_split":[],"footnotes":""},"categories":[1],"tags":[],"class_list":["post-18453","post","type-post","status-publish","format-standard","has-post-thumbnail","hentry","category-uncategorized"],"_links":{"self":[{"href":"https:\/\/diariodepernambuco.audiencelabs.com.br\/wp-json\/wp\/v2\/posts\/18453","targetHints":{"allow":["GET"]}}],"collection":[{"href":"https:\/\/diariodepernambuco.audiencelabs.com.br\/wp-json\/wp\/v2\/posts"}],"about":[{"href":"https:\/\/diariodepernambuco.audiencelabs.com.br\/wp-json\/wp\/v2\/types\/post"}],"author":[{"embeddable":true,"href":"https:\/\/diariodepernambuco.audiencelabs.com.br\/wp-json\/wp\/v2\/users\/4"}],"replies":[{"embeddable":true,"href":"https:\/\/diariodepernambuco.audiencelabs.com.br\/wp-json\/wp\/v2\/comments?post=18453"}],"version-history":[{"count":2,"href":"https:\/\/diariodepernambuco.audiencelabs.com.br\/wp-json\/wp\/v2\/posts\/18453\/revisions"}],"predecessor-version":[{"id":18465,"href":"https:\/\/diariodepernambuco.audiencelabs.com.br\/wp-json\/wp\/v2\/posts\/18453\/revisions\/18465"}],"wp:featuredmedia":[{"embeddable":true,"href":"https:\/\/diariodepernambuco.audiencelabs.com.br\/wp-json\/wp\/v2\/media\/1631"}],"wp:attachment":[{"href":"https:\/\/diariodepernambuco.audiencelabs.com.br\/wp-json\/wp\/v2\/media?parent=18453"}],"wp:term":[{"taxonomy":"category","embeddable":true,"href":"https:\/\/diariodepernambuco.audiencelabs.com.br\/wp-json\/wp\/v2\/categories?post=18453"},{"taxonomy":"post_tag","embeddable":true,"href":"https:\/\/diariodepernambuco.audiencelabs.com.br\/wp-json\/wp\/v2\/tags?post=18453"}],"curies":[{"name":"wp","href":"https:\/\/api.w.org\/{rel}","templated":true}]}}