{"id":18507,"date":"2026-02-23T16:36:30","date_gmt":"2026-02-23T19:36:30","guid":{"rendered":"https:\/\/diariodepernambuco.audiencelabs.com.br\/12-capitais-brasileiras-em-estado-de-atencao-para-possiveis-catastrofes-de-deslizamentos\/"},"modified":"2026-02-23T16:36:32","modified_gmt":"2026-02-23T19:36:32","slug":"12-capitais-brasileiras-em-estado-de-atencao-para-possiveis-catastrofes-de-deslizamentos","status":"publish","type":"post","link":"https:\/\/diariodepernambuco.audiencelabs.com.br\/12-capitais-brasileiras-em-estado-de-atencao-para-possiveis-catastrofes-de-deslizamentos\/","title":{"rendered":"12 capitais brasileiras em estado de aten\u00e7\u00e3o para poss\u00edveis cat\u00e1strofes de deslizamentos"},"content":{"rendered":"<div class=\"flex flex-col text-sm pb-25\">\n<article class=\"text-token-text-primary w-full focus:outline-none [--shadow-height:45px] has-data-writing-block:pointer-events-none has-data-writing-block:-mt-(--shadow-height) has-data-writing-block:pt-(--shadow-height) [&amp;:has([data-writing-block])&gt;*]:pointer-events-auto scroll-mt-[calc(var(--header-height)+min(200px,max(70px,20svh)))]\" dir=\"auto\" data-turn-id=\"request-WEB:8d5cf822-5e2e-4290-b1ec-e0823d2aedad-30\" data-testid=\"conversation-turn-2\" data-scroll-anchor=\"true\" data-turn=\"assistant\">\n<div class=\"text-base my-auto mx-auto pb-10 [--thread-content-margin:--spacing(4)] @w-sm\/main:[--thread-content-margin:--spacing(6)] @w-lg\/main:[--thread-content-margin:--spacing(16)] px-(--thread-content-margin)\">\n<div class=\"[--thread-content-max-width:40rem] @w-lg\/main:[--thread-content-max-width:48rem] mx-auto max-w-(--thread-content-max-width) flex-1 group\/turn-messages focus-visible:outline-hidden relative flex w-full min-w-0 flex-col agent-turn\">\n<div class=\"flex max-w-full flex-col grow\">\n<div class=\"min-h-8 text-message relative flex w-full flex-col items-end gap-2 text-start break-words whitespace-normal [.text-message+&amp;]:mt-1\" dir=\"auto\" data-message-author-role=\"assistant\" data-message-id=\"ad9bc740-29b7-4455-9b1a-56cda56c5f66\" data-message-model-slug=\"gpt-5-2\">\n<div class=\"flex w-full flex-col gap-1 empty:hidden first:pt-[1px]\">\n<div class=\"markdown prose dark:prose-invert w-full wrap-break-word light markdown-new-styling\">\n<p data-start=\"124\" data-end=\"355\">Doze capitais brasileiras est&atilde;o sob aten&ccedil;&atilde;o nesta segunda-feira (23) por causa do risco de temporais e poss&iacute;veis deslizamentos. A combina&ccedil;&atilde;o entre calor intenso e alta umidade mant&eacute;m o cen&aacute;rio de instabilidade em boa parte do pa&iacute;s.<\/p>\n<p data-start=\"357\" data-end=\"607\">Segundo a Climatempo, &aacute;reas do Centro-Oeste, Sudeste, al&eacute;m de trechos do Norte e do Nordeste, permanecem em n&iacute;vel de perigo para tempestades. A previs&atilde;o indica chuva forte, rajadas de vento, descargas el&eacute;tricas e at&eacute; queda de granizo ao longo do dia.<\/p>\n<h2 data-start=\"609\" data-end=\"641\">Volumes expressivos nas capitais<\/h2>\n<p data-start=\"643\" data-end=\"769\">Em v&aacute;rias capitais, o acumulado de chuva pode ser elevado e concentrado em poucas horas, o que aumenta o risco de alagamentos.<\/p>\n<p data-start=\"771\" data-end=\"1000\">Manaus deve registrar m&iacute;nima de 23&deg;C e m&aacute;xima de 30&deg;C, com at&eacute; 40 mil&iacute;metros. Bel&eacute;m tamb&eacute;m pode chegar a 40 mm. Campo Grande varia entre 21&deg;C e 30&deg;C, com previs&atilde;o de 30 mm. Bras&iacute;lia ter&aacute; temperaturas entre 18&deg;C e 26&deg;C, com 25 mm.<\/p>\n<p data-start=\"1002\" data-end=\"1295\">No Nordeste, Jo&atilde;o Pessoa deve marcar entre 25&deg;C e 30&deg;C, com 25 mm. Natal pode alcan&ccedil;ar 32&deg;C, tamb&eacute;m com previs&atilde;o de 25 mm. S&atilde;o Lu&iacute;s, Fortaleza e Salvador t&ecirc;m estimativa de cerca de 30 mm. No Centro-Oeste, Goi&acirc;nia e Cuiab&aacute; seguem a mesma m&eacute;dia. Vit&oacute;ria aparece na lista com previs&atilde;o semelhante.<\/p>\n<h2 data-start=\"1297\" data-end=\"1322\">Sudeste sob monitoramento<\/h2>\n<p data-start=\"1324\" data-end=\"1459\">O Sudeste concentra parte das aten&ccedil;&otilde;es. Minas Gerais, Rio de Janeiro, Esp&iacute;rito Santo e S&atilde;o Paulo est&atilde;o na &aacute;rea de risco para temporais.<\/p>\n<p data-start=\"1461\" data-end=\"1722\">Em S&atilde;o Paulo, a Defesa Civil emitiu aviso meteorol&oacute;gico para todo o estado. A maior parte do territ&oacute;rio est&aacute; em n&iacute;vel de aten&ccedil;&atilde;o. J&aacute; o litoral e o sul paulista est&atilde;o em alerta, indicando maior chance de transtornos como quedas de &aacute;rvores e pontos de alagamento.<\/p>\n<h2 data-start=\"1724\" data-end=\"1742\">Risco nas encostas<\/h2>\n<p data-start=\"1744\" data-end=\"1902\">O Centro Nacional de Monitoramento e Alertas de Desastres Naturais aponta risco moderado de deslizamentos na faixa litor&acirc;nea entre S&atilde;o Paulo e Rio de Janeiro.<\/p>\n<p data-start=\"1904\" data-end=\"2172\">Em Peru&iacute;be, o acumulado chegou a 271 mm nas &uacute;ltimas 48 horas. A previs&atilde;o indica mais 50 mm nesta segunda. Em Paraty, foram 201 mm no mesmo per&iacute;odo, com expectativa de mais 30 mm ao longo do dia. Com o solo encharcado, novas pancadas ampliam o risco de escorregamentos.<\/p>\n<h2 data-start=\"2174\" data-end=\"2203\">O que explica a instabilidade?<\/h2>\n<p data-start=\"2205\" data-end=\"2541\">Imagens do Instituto Nacional de Pesquisas Espaciais mostram grande concentra&ccedil;&atilde;o de nuvens carregadas entre o Centro-Oeste e o Sudeste. A instabilidade &eacute; provocada por uma &aacute;rea de baixa press&atilde;o no interior do continente, somada ao calor e &agrave; umidade elevados. A circula&ccedil;&atilde;o de ventos no oceano refor&ccedil;a o transporte de umidade para o pa&iacute;s.<\/p>\n<p data-start=\"2543\" data-end=\"2892\" data-is-last-node=\"\" data-is-only-node=\"\">Para fevereiro, o Instituto Nacional de Meteorologia prev&ecirc; chuva acima da m&eacute;dia em &aacute;reas do Sudeste e do Norte, incluindo centro-norte de S&atilde;o Paulo, sul de Minas e partes do Rio de Janeiro. As temperaturas devem ficar dentro ou acima da m&eacute;dia. A recomenda&ccedil;&atilde;o &eacute; acompanhar os avisos oficiais e evitar &aacute;reas de risco durante as pancadas mais intensas.<\/p>\n<\/div>\n<\/div>\n<\/div>\n<\/div>\n<div class=\"z-0 flex min-h-[46px] justify-start\">&nbsp;<\/div>\n<div class=\"mt-3 w-full empty:hidden\">\n<div class=\"text-center\">&nbsp;<\/div>\n<\/div>\n<\/div>\n<\/div>\n<\/article>\n<\/div>\n<div class=\"pointer-events-none h-px w-px absolute bottom-0\" aria-hidden=\"true\" data-edge=\"true\">&nbsp;<\/div>\n","protected":false},"excerpt":{"rendered":"<p>Doze capitais brasileiras est&atilde;o sob aten&ccedil;&atilde;o nesta segunda-feira (23) por causa do risco de temporais e poss&iacute;veis deslizamentos. A combina&ccedil;&atilde;o entre calor intenso e alta umidade mant&eacute;m o cen&aacute;rio de instabilidade em boa parte do pa&iacute;s. Segundo a Climatempo, &aacute;reas do Centro-Oeste, Sudeste, al&eacute;m de trechos do Norte e do Nordeste, permanecem em n&iacute;vel de [&hellip;]<\/p>\n","protected":false},"author":18,"featured_media":18506,"comment_status":"open","ping_status":"open","sticky":false,"template":"","format":"standard","meta":{"jnews-multi-image_gallery":[],"jnews_single_post":[],"jnews_primary_category":[],"jnews_social_meta":[],"jnews_post_split":[],"footnotes":""},"categories":[1],"tags":[],"class_list":["post-18507","post","type-post","status-publish","format-standard","has-post-thumbnail","hentry","category-uncategorized"],"_links":{"self":[{"href":"https:\/\/diariodepernambuco.audiencelabs.com.br\/wp-json\/wp\/v2\/posts\/18507","targetHints":{"allow":["GET"]}}],"collection":[{"href":"https:\/\/diariodepernambuco.audiencelabs.com.br\/wp-json\/wp\/v2\/posts"}],"about":[{"href":"https:\/\/diariodepernambuco.audiencelabs.com.br\/wp-json\/wp\/v2\/types\/post"}],"author":[{"embeddable":true,"href":"https:\/\/diariodepernambuco.audiencelabs.com.br\/wp-json\/wp\/v2\/users\/18"}],"replies":[{"embeddable":true,"href":"https:\/\/diariodepernambuco.audiencelabs.com.br\/wp-json\/wp\/v2\/comments?post=18507"}],"version-history":[{"count":1,"href":"https:\/\/diariodepernambuco.audiencelabs.com.br\/wp-json\/wp\/v2\/posts\/18507\/revisions"}],"predecessor-version":[{"id":18508,"href":"https:\/\/diariodepernambuco.audiencelabs.com.br\/wp-json\/wp\/v2\/posts\/18507\/revisions\/18508"}],"wp:featuredmedia":[{"embeddable":true,"href":"https:\/\/diariodepernambuco.audiencelabs.com.br\/wp-json\/wp\/v2\/media\/18506"}],"wp:attachment":[{"href":"https:\/\/diariodepernambuco.audiencelabs.com.br\/wp-json\/wp\/v2\/media?parent=18507"}],"wp:term":[{"taxonomy":"category","embeddable":true,"href":"https:\/\/diariodepernambuco.audiencelabs.com.br\/wp-json\/wp\/v2\/categories?post=18507"},{"taxonomy":"post_tag","embeddable":true,"href":"https:\/\/diariodepernambuco.audiencelabs.com.br\/wp-json\/wp\/v2\/tags?post=18507"}],"curies":[{"name":"wp","href":"https:\/\/api.w.org\/{rel}","templated":true}]}}