{"id":18612,"date":"2026-02-24T10:03:00","date_gmt":"2026-02-24T13:03:00","guid":{"rendered":"https:\/\/diariodepernambuco.audiencelabs.com.br\/?p=18612"},"modified":"2026-02-24T09:16:29","modified_gmt":"2026-02-24T12:16:29","slug":"apos-saida-de-coutinho-vasco-se-aproxima-de-venda-bilionaria-de-r-2-bilhoes","status":"publish","type":"post","link":"https:\/\/diariodepernambuco.audiencelabs.com.br\/apos-saida-de-coutinho-vasco-se-aproxima-de-venda-bilionaria-de-r-2-bilhoes\/","title":{"rendered":"Ap\u00f3s sa\u00edda de Coutinho, Vasco se aproxima de venda bilion\u00e1ria de R$ 2 bilh\u00f5es"},"content":{"rendered":"\n<p>O Vasco caminha para um dos cap\u00edtulos mais importantes da sua hist\u00f3ria recente: a quase conclus\u00e3o de um acordo bilion\u00e1rio para a venda da sua SAF. Depois de meses de negocia\u00e7\u00f5es intensas, a diretoria comandada por Pedrinho acertou os \u00faltimos detalhes com o empres\u00e1rio Marcos Farias Lamacchia, com expectativa de assinatura contratual entre mar\u00e7o e abril de 2026.<\/p>\n\n\n\n<p>A proposta pode girar em torno de R$ 2 bilh\u00f5es, valor que representa um investimento significativo no futebol vasca\u00edno e promete mudar os rumos financeiros do clube. O interesse de Lamacchia, que \u00e9 enteado de Leila Pereira \u2014 uma das figuras mais influentes do futebol brasileiro \u2014 tem chamado aten\u00e7\u00e3o tanto pelos n\u00fameros quanto pela repercuss\u00e3o nos bastidores do esporte.<\/p>\n\n\n\n<p>Apesar de ser alvo de questionamentos sobre poss\u00edveis conflitos de interesse por conta da liga\u00e7\u00e3o familiar com a presidente do Palmeiras, a diretoria vasca\u00edna avalia que juridicamente o neg\u00f3cio \u00e9 vi\u00e1vel, j\u00e1 que n\u00e3o existe v\u00ednculo de sangue direto entre as partes. A venda da SAF surge em um momento de reestrutura\u00e7\u00e3o do Vasco, ap\u00f3s a sa\u00edda de figuras importantes como o meia Coutinho.<\/p>\n\n\n\n<p>A expectativa interna \u00e9 que a conclus\u00e3o da transa\u00e7\u00e3o traga recursos frescos para refor\u00e7ar o elenco, investir em infraestrutura e estabilizar as finan\u00e7as do clube, que h\u00e1 tempos busca um investimento \u00e0 altura de sua grandeza.<\/p>\n\n\n\n<p>Nos bastidores de S\u00e3o Janu\u00e1rio, a perspectiva \u00e9 otimista entre conselheiros, dirigentes e parte da torcida, que veem no acordo a chance de retomar protagonismo no cen\u00e1rio nacional. Ainda h\u00e1 etapas burocr\u00e1ticas a serem cumpridas, mas a sensa\u00e7\u00e3o \u00e9 de que o desfecho positivo est\u00e1 pr\u00f3ximo \u2014 e que o Vasco pode entrar em uma nova fase com mais f\u00f4lego financeiro e ambi\u00e7\u00f5es renovadas.<\/p>\n\n\n\n<h2 class=\"wp-block-heading\">Vasco quer novo t\u00e9cnico para logo<\/h2>\n\n\n\n<p>O primeiro dia do Vasco ap\u00f3s a sa\u00edda de Fernando Diniz foi marcado por reuni\u00f5es internas, contatos com empres\u00e1rios e sondagens a poss\u00edveis substitutos. A movimenta\u00e7\u00e3o come\u00e7ou ainda no domingo, poucos minutos depois de Pedrinho anunciar oficialmente a demiss\u00e3o do treinador, dando in\u00edcio ao processo de escolha do novo comandante.<\/p>\n\n\n\n<p>A prioridade da diretoria \u00e9 buscar profissionais que estejam livres no mercado, o que evita negocia\u00e7\u00f5es com outros clubes e pode acelerar a defini\u00e7\u00e3o. A ideia \u00e9 ter o nome definido at\u00e9 o pr\u00f3ximo domingo, antes do confronto de volta da semifinal do Campeonato Carioca contra o Fluminense.<\/p>\n\n\n\n<p><\/p>\n","protected":false},"excerpt":{"rendered":"<p>O Vasco caminha para um dos cap\u00edtulos mais importantes da sua hist\u00f3ria recente: a quase conclus\u00e3o de um acordo bilion\u00e1rio para a venda da sua SAF. Depois de meses de negocia\u00e7\u00f5es intensas, a diretoria comandada por Pedrinho acertou os \u00faltimos detalhes com o empres\u00e1rio Marcos Farias Lamacchia, com expectativa de assinatura contratual entre mar\u00e7o e [&hellip;]<\/p>\n","protected":false},"author":4,"featured_media":18614,"comment_status":"open","ping_status":"open","sticky":false,"template":"","format":"standard","meta":{"jnews-multi-image_gallery":[],"jnews_single_post":[],"jnews_primary_category":[],"jnews_social_meta":[],"jnews_post_split":[],"footnotes":""},"categories":[1],"tags":[],"class_list":["post-18612","post","type-post","status-publish","format-standard","has-post-thumbnail","hentry","category-uncategorized"],"_links":{"self":[{"href":"https:\/\/diariodepernambuco.audiencelabs.com.br\/wp-json\/wp\/v2\/posts\/18612","targetHints":{"allow":["GET"]}}],"collection":[{"href":"https:\/\/diariodepernambuco.audiencelabs.com.br\/wp-json\/wp\/v2\/posts"}],"about":[{"href":"https:\/\/diariodepernambuco.audiencelabs.com.br\/wp-json\/wp\/v2\/types\/post"}],"author":[{"embeddable":true,"href":"https:\/\/diariodepernambuco.audiencelabs.com.br\/wp-json\/wp\/v2\/users\/4"}],"replies":[{"embeddable":true,"href":"https:\/\/diariodepernambuco.audiencelabs.com.br\/wp-json\/wp\/v2\/comments?post=18612"}],"version-history":[{"count":2,"href":"https:\/\/diariodepernambuco.audiencelabs.com.br\/wp-json\/wp\/v2\/posts\/18612\/revisions"}],"predecessor-version":[{"id":18616,"href":"https:\/\/diariodepernambuco.audiencelabs.com.br\/wp-json\/wp\/v2\/posts\/18612\/revisions\/18616"}],"wp:featuredmedia":[{"embeddable":true,"href":"https:\/\/diariodepernambuco.audiencelabs.com.br\/wp-json\/wp\/v2\/media\/18614"}],"wp:attachment":[{"href":"https:\/\/diariodepernambuco.audiencelabs.com.br\/wp-json\/wp\/v2\/media?parent=18612"}],"wp:term":[{"taxonomy":"category","embeddable":true,"href":"https:\/\/diariodepernambuco.audiencelabs.com.br\/wp-json\/wp\/v2\/categories?post=18612"},{"taxonomy":"post_tag","embeddable":true,"href":"https:\/\/diariodepernambuco.audiencelabs.com.br\/wp-json\/wp\/v2\/tags?post=18612"}],"curies":[{"name":"wp","href":"https:\/\/api.w.org\/{rel}","templated":true}]}}