{"id":18832,"date":"2026-02-25T10:28:17","date_gmt":"2026-02-25T13:28:17","guid":{"rendered":"https:\/\/diariodepernambuco.audiencelabs.com.br\/?p=18832"},"modified":"2026-02-25T10:28:29","modified_gmt":"2026-02-25T13:28:29","slug":"avo-de-15-netos-tirou-r-2-milhoes-do-bolso-para-presentear-cada-um-com-carro-de-luxo","status":"publish","type":"post","link":"https:\/\/diariodepernambuco.audiencelabs.com.br\/avo-de-15-netos-tirou-r-2-milhoes-do-bolso-para-presentear-cada-um-com-carro-de-luxo\/","title":{"rendered":"Av\u00f4 de 15 netos tirou R$ 2 milh\u00f5es do bolso para presentear cada um com carro de luxo"},"content":{"rendered":"\n<p>O prefeito de Bom Jesus de Goi\u00e1s, Adair Henriques da Silva, chamou aten\u00e7\u00e3o ao revelar que decidiu presentear seus 15 netos com carros de luxo. A iniciativa, segundo ele, partiu de um desejo antigo de retribuir \u00e0 fam\u00edlia as conquistas acumuladas ao longo de d\u00e9cadas de trabalho no agroneg\u00f3cio. O gesto ganhou repercuss\u00e3o nacional ap\u00f3s imagens da entrega dos ve\u00edculos circularem nas redes sociais.<\/p>\n\n\n\n<p>De acordo com o pr\u00f3prio prefeito, cada autom\u00f3vel custou cerca de R$ 150 mil, o que representa um investimento milion\u00e1rio feito com recursos pessoais. Todos os carros foram adquiridos do mesmo modelo e cor, numa escolha que, segundo ele, simboliza tratamento igualit\u00e1rio entre os netos. A entrega ocorreu em um encontro familiar preparado especialmente para a ocasi\u00e3o.<\/p>\n\n\n\n<p>Adair afirmou que come\u00e7ou a trabalhar ainda jovem como empregado rural e que construiu seu patrim\u00f4nio ao longo dos anos at\u00e9 se tornar empres\u00e1rio e, posteriormente, chefe do Executivo municipal. Ele classificou a compra dos ve\u00edculos como a realiza\u00e7\u00e3o de um sonho pessoal, destacando que sempre buscou proporcionar conforto e oportunidades \u00e0 fam\u00edlia.<\/p>\n\n\n\n<p>A atitude dividiu opini\u00f5es nas redes sociais. Enquanto apoiadores elogiaram a generosidade do av\u00f4 e ressaltaram que se tratava de dinheiro privado, cr\u00edticos questionaram a ostenta\u00e7\u00e3o por parte de um agente p\u00fablico. Apesar das discuss\u00f5es, o epis\u00f3dio se consolidou como um dos casos mais comentados envolvendo demonstra\u00e7\u00f5es p\u00fablicas de patrim\u00f4nio por autoridades municipais nos \u00faltimos anos.<\/p>\n\n\n\n<h2 class=\"wp-block-heading\">Entrega foi marcada por emo\u00e7\u00e3o e homenagem \u00e0 trajet\u00f3ria de vida<\/h2>\n\n\n\n<p>Durante a entrega dos ve\u00edculos, a neta Adriana relatou que o av\u00f4 reuniu todos os netos antes da surpresa e fez quest\u00e3o de recontar sua trajet\u00f3ria de vida, desde os tempos em que come\u00e7ou a trabalhar como empregado at\u00e9 a consolida\u00e7\u00e3o como empres\u00e1rio e gestor p\u00fablico.<\/p>\n\n\n\n<p>Adriana tamb\u00e9m explicou o motivo da escolha dos carros na cor azul. De acordo com a neta, trata-se da tonalidade preferida do av\u00f4, que inclusive mant\u00e9m a fazenda pintada na mesma cor e j\u00e1 possui ve\u00edculos nesse padr\u00e3o. A marca escolhida, acrescentou, sempre foi admirada por ele, o que deu ao presente um significado ainda mais pessoal.<\/p>\n\n\n\n<p><\/p>\n","protected":false},"excerpt":{"rendered":"<p>O prefeito de Bom Jesus de Goi\u00e1s, Adair Henriques da Silva, chamou aten\u00e7\u00e3o ao revelar que decidiu presentear seus 15 netos com carros de luxo. A iniciativa, segundo ele, partiu de um desejo antigo de retribuir \u00e0 fam\u00edlia as conquistas acumuladas ao longo de d\u00e9cadas de trabalho no agroneg\u00f3cio. O gesto ganhou repercuss\u00e3o nacional ap\u00f3s [&hellip;]<\/p>\n","protected":false},"author":4,"featured_media":18833,"comment_status":"open","ping_status":"open","sticky":false,"template":"","format":"standard","meta":{"jnews-multi-image_gallery":[],"jnews_single_post":[],"jnews_primary_category":[],"jnews_social_meta":[],"jnews_post_split":[],"footnotes":""},"categories":[1],"tags":[],"class_list":["post-18832","post","type-post","status-publish","format-standard","has-post-thumbnail","hentry","category-uncategorized"],"_links":{"self":[{"href":"https:\/\/diariodepernambuco.audiencelabs.com.br\/wp-json\/wp\/v2\/posts\/18832","targetHints":{"allow":["GET"]}}],"collection":[{"href":"https:\/\/diariodepernambuco.audiencelabs.com.br\/wp-json\/wp\/v2\/posts"}],"about":[{"href":"https:\/\/diariodepernambuco.audiencelabs.com.br\/wp-json\/wp\/v2\/types\/post"}],"author":[{"embeddable":true,"href":"https:\/\/diariodepernambuco.audiencelabs.com.br\/wp-json\/wp\/v2\/users\/4"}],"replies":[{"embeddable":true,"href":"https:\/\/diariodepernambuco.audiencelabs.com.br\/wp-json\/wp\/v2\/comments?post=18832"}],"version-history":[{"count":2,"href":"https:\/\/diariodepernambuco.audiencelabs.com.br\/wp-json\/wp\/v2\/posts\/18832\/revisions"}],"predecessor-version":[{"id":18838,"href":"https:\/\/diariodepernambuco.audiencelabs.com.br\/wp-json\/wp\/v2\/posts\/18832\/revisions\/18838"}],"wp:featuredmedia":[{"embeddable":true,"href":"https:\/\/diariodepernambuco.audiencelabs.com.br\/wp-json\/wp\/v2\/media\/18833"}],"wp:attachment":[{"href":"https:\/\/diariodepernambuco.audiencelabs.com.br\/wp-json\/wp\/v2\/media?parent=18832"}],"wp:term":[{"taxonomy":"category","embeddable":true,"href":"https:\/\/diariodepernambuco.audiencelabs.com.br\/wp-json\/wp\/v2\/categories?post=18832"},{"taxonomy":"post_tag","embeddable":true,"href":"https:\/\/diariodepernambuco.audiencelabs.com.br\/wp-json\/wp\/v2\/tags?post=18832"}],"curies":[{"name":"wp","href":"https:\/\/api.w.org\/{rel}","templated":true}]}}