{"id":18852,"date":"2026-02-25T11:55:17","date_gmt":"2026-02-25T14:55:17","guid":{"rendered":"https:\/\/diariodepernambuco.audiencelabs.com.br\/?p=18852"},"modified":"2026-02-25T11:55:19","modified_gmt":"2026-02-25T14:55:19","slug":"inteligencia-artificial-chega-com-tudo-nesta-empresa-e-16-mil-funcionarios-foram-demitidos","status":"publish","type":"post","link":"https:\/\/diariodepernambuco.audiencelabs.com.br\/inteligencia-artificial-chega-com-tudo-nesta-empresa-e-16-mil-funcionarios-foram-demitidos\/","title":{"rendered":"Intelig\u00eancia Artificial chega com tudo nesta empresa e 16 mil funcion\u00e1rios foram demitidos"},"content":{"rendered":"\n<p>A gigante de tecnologia Amazon anunciou recentemente a demiss\u00e3o de cerca de 16 mil funcion\u00e1rios em sua divis\u00e3o corporativa, na segunda grande rodada de cortes em poucos meses. A empresa afirmou em comunicado que o objetivo dos desligamentos \u00e9 reduzir burocracia, simplificar a estrutura interna e fortalecer sua capacidade de tomada de decis\u00f5es.<\/p>\n\n\n\n<p>Esses cortes representam apenas uma parte do esfor\u00e7o maior da companhia para eliminar camadas hier\u00e1rquicas e tornar sua opera\u00e7\u00e3o mais \u00e1gil, depois de j\u00e1 ter dispensado cerca de 14 mil trabalhadores em outubro do ano passado. A lideran\u00e7a da empresa destacou que a reestrutura\u00e7\u00e3o n\u00e3o se trata apenas de reduzir custos, mas de ajustar a cultura organizacional.<\/p>\n\n\n\n<p>Embora a Amazon afirme que as demiss\u00f5es n\u00e3o s\u00e3o motivadas exclusivamente pela intelig\u00eancia artificial, especialistas e observadores do mercado veem um forte v\u00ednculo com os investimentos em automa\u00e7\u00e3o e IA. A empresa tem ampliado seus recursos em intelig\u00eancia artificial e infraestrutura tecnol\u00f3gica, o que tem levado \u00e0 substitui\u00e7\u00e3o de algumas fun\u00e7\u00f5es administrativas e operacionais por solu\u00e7\u00f5es automatizadas.<\/p>\n\n\n\n<p>O impacto dessas demiss\u00f5es reacende o debate sobre o papel da IA no futuro do trabalho, especialmente em setores ligados \u00e0 tecnologia e suporte corporativo. Enquanto a empresa afirma que continuar\u00e1 contratando em \u00e1reas estrat\u00e9gicas, muitos profissionais demitidos ter\u00e3o de buscar novas oportunidades num mercado cada vez mais competitivo e orientado por algoritmos e automa\u00e7\u00e3o.<\/p>\n\n\n\n<h2 class=\"wp-block-heading\">Reestrutura\u00e7\u00e3o mira efici\u00eancia e aposta em automa\u00e7\u00e3o<\/h2>\n\n\n\n<p>A ofensiva da Amazon faz parte de uma estrat\u00e9gia mais ampla para tornar a companhia mais enxuta e competitiva em um cen\u00e1rio de transforma\u00e7\u00e3o digital acelerada. A dire\u00e7\u00e3o da empresa defende que a redu\u00e7\u00e3o de cargos administrativos e a elimina\u00e7\u00e3o de n\u00edveis hier\u00e1rquicos s\u00e3o medidas necess\u00e1rias para agilizar decis\u00f5es e reduzir custos operacionais.<\/p>\n\n\n\n<p>Ao mesmo tempo, a companhia intensifica investimentos em intelig\u00eancia artificial, rob\u00f3tica e sistemas automatizados, ampliando o uso de tecnologias capazes de executar tarefas antes desempenhadas por equipes humanas. O movimento refor\u00e7a a tend\u00eancia de grandes empresas globais priorizarem efici\u00eancia e inova\u00e7\u00e3o, mesmo diante do impacto social provocado por demiss\u00f5es em larga escala.<\/p>\n\n\n\n<p><\/p>\n","protected":false},"excerpt":{"rendered":"<p>A gigante de tecnologia Amazon anunciou recentemente a demiss\u00e3o de cerca de 16 mil funcion\u00e1rios em sua divis\u00e3o corporativa, na segunda grande rodada de cortes em poucos meses. A empresa afirmou em comunicado que o objetivo dos desligamentos \u00e9 reduzir burocracia, simplificar a estrutura interna e fortalecer sua capacidade de tomada de decis\u00f5es. Esses cortes [&hellip;]<\/p>\n","protected":false},"author":4,"featured_media":402,"comment_status":"open","ping_status":"open","sticky":false,"template":"","format":"standard","meta":{"jnews-multi-image_gallery":[],"jnews_single_post":{"format":"standard"},"jnews_primary_category":[],"jnews_social_meta":[],"jnews_post_split":[],"footnotes":""},"categories":[1],"tags":[],"class_list":["post-18852","post","type-post","status-publish","format-standard","has-post-thumbnail","hentry","category-uncategorized"],"_links":{"self":[{"href":"https:\/\/diariodepernambuco.audiencelabs.com.br\/wp-json\/wp\/v2\/posts\/18852","targetHints":{"allow":["GET"]}}],"collection":[{"href":"https:\/\/diariodepernambuco.audiencelabs.com.br\/wp-json\/wp\/v2\/posts"}],"about":[{"href":"https:\/\/diariodepernambuco.audiencelabs.com.br\/wp-json\/wp\/v2\/types\/post"}],"author":[{"embeddable":true,"href":"https:\/\/diariodepernambuco.audiencelabs.com.br\/wp-json\/wp\/v2\/users\/4"}],"replies":[{"embeddable":true,"href":"https:\/\/diariodepernambuco.audiencelabs.com.br\/wp-json\/wp\/v2\/comments?post=18852"}],"version-history":[{"count":1,"href":"https:\/\/diariodepernambuco.audiencelabs.com.br\/wp-json\/wp\/v2\/posts\/18852\/revisions"}],"predecessor-version":[{"id":18853,"href":"https:\/\/diariodepernambuco.audiencelabs.com.br\/wp-json\/wp\/v2\/posts\/18852\/revisions\/18853"}],"wp:featuredmedia":[{"embeddable":true,"href":"https:\/\/diariodepernambuco.audiencelabs.com.br\/wp-json\/wp\/v2\/media\/402"}],"wp:attachment":[{"href":"https:\/\/diariodepernambuco.audiencelabs.com.br\/wp-json\/wp\/v2\/media?parent=18852"}],"wp:term":[{"taxonomy":"category","embeddable":true,"href":"https:\/\/diariodepernambuco.audiencelabs.com.br\/wp-json\/wp\/v2\/categories?post=18852"},{"taxonomy":"post_tag","embeddable":true,"href":"https:\/\/diariodepernambuco.audiencelabs.com.br\/wp-json\/wp\/v2\/tags?post=18852"}],"curies":[{"name":"wp","href":"https:\/\/api.w.org\/{rel}","templated":true}]}}