{"id":18857,"date":"2026-02-25T12:35:00","date_gmt":"2026-02-25T15:35:00","guid":{"rendered":"https:\/\/diariodepernambuco.audiencelabs.com.br\/?p=18857"},"modified":"2026-02-25T12:35:02","modified_gmt":"2026-02-25T15:35:02","slug":"projeto-de-lei-pode-isentar-idosos-de-70-anos-de-pagar-essa-conta-no-brasil","status":"publish","type":"post","link":"https:\/\/diariodepernambuco.audiencelabs.com.br\/projeto-de-lei-pode-isentar-idosos-de-70-anos-de-pagar-essa-conta-no-brasil\/","title":{"rendered":"Projeto de Lei pode isentar idosos de 70 anos de pagar essa conta no Brasil"},"content":{"rendered":"\n<p>Um novo Projeto de Lei em an\u00e1lise no Congresso Nacional pode alterar regras sobre o pagamento de ped\u00e1gio por motoristas idosos no Brasil. A proposta \u2014 que ainda n\u00e3o foi aprovada \u2014 prev\u00ea a isen\u00e7\u00e3o das tarifas de ped\u00e1gio para pessoas com 70 anos ou mais, desde que o ve\u00edculo esteja registrado em nome do pr\u00f3prio idoso.<\/p>\n\n\n\n<p>Atualmente, v\u00e1rias propostas relacionadas ao tema tramitam em comiss\u00f5es da C\u00e2mara dos Deputados, como a CCJC (Comiss\u00e3o de Constitui\u00e7\u00e3o e Justi\u00e7a e de Cidadania), mas at\u00e9 agora nenhuma delas avan\u00e7ou de forma decisiva rumo \u00e0 aprova\u00e7\u00e3o. Enquanto isso, o pagamento de ped\u00e1gio permanece obrigat\u00f3rio para todas as idades nas rodovias federais e estaduais do pa\u00eds.<\/p>\n\n\n\n<p>Especialistas em mobilidade e direitos dos idosos destacam que a proposta se insere em um contexto mais amplo de debates sobre benef\u00edcios para a terceira idade no Brasil. Hoje, a legisla\u00e7\u00e3o j\u00e1 garante gratuidade no transporte coletivo urbano a partir dos 65 anos e descontos em passagens interestaduais, al\u00e9m de outros direitos previstos no Estatuto da Pessoa Idosa.<\/p>\n\n\n\n<p>A isen\u00e7\u00e3o do ped\u00e1gio, se aprovada, poderia ser um complemento \u00e0 rede de prote\u00e7\u00e3o social para essa faixa da popula\u00e7\u00e3o. O debate deve continuar nos pr\u00f3ximos meses no Congresso, com representantes defendendo diferentes vis\u00f5es sobre a forma e os crit\u00e9rios para adotar a isen\u00e7\u00e3o de tarifas para idosos.<\/p>\n\n\n\n<h2 class=\"wp-block-heading\">Proposta ainda depende de aprova\u00e7\u00e3o no Congresso<\/h2>\n\n\n\n<p>O projeto que prev\u00ea a isen\u00e7\u00e3o de ped\u00e1gio para idosos com 70 anos ou mais ainda precisa avan\u00e7ar nas comiss\u00f5es da C\u00e2mara dos Deputados antes de seguir para vota\u00e7\u00e3o em plen\u00e1rio. Caso seja aprovado, o texto tamb\u00e9m ter\u00e1 de passar pelo Senado e, posteriormente, pela san\u00e7\u00e3o presidencial para entrar em vigor em todo o pa\u00eds.<\/p>\n\n\n\n<p>At\u00e9 l\u00e1, as regras atuais continuam valendo nas rodovias administradas por concession\u00e1rias federais e estaduais. Especialistas ressaltam que eventuais mudan\u00e7as depender\u00e3o da regulamenta\u00e7\u00e3o e da defini\u00e7\u00e3o de crit\u00e9rios claros, como comprova\u00e7\u00e3o de idade e titularidade do ve\u00edculo, para garantir que o benef\u00edcio seja aplicado de forma adequada.<\/p>\n","protected":false},"excerpt":{"rendered":"<p>Um novo Projeto de Lei em an\u00e1lise no Congresso Nacional pode alterar regras sobre o pagamento de ped\u00e1gio por motoristas idosos no Brasil. A proposta \u2014 que ainda n\u00e3o foi aprovada \u2014 prev\u00ea a isen\u00e7\u00e3o das tarifas de ped\u00e1gio para pessoas com 70 anos ou mais, desde que o ve\u00edculo esteja registrado em nome do [&hellip;]<\/p>\n","protected":false},"author":4,"featured_media":10216,"comment_status":"open","ping_status":"open","sticky":false,"template":"","format":"standard","meta":{"jnews-multi-image_gallery":[],"jnews_single_post":{"format":"standard"},"jnews_primary_category":[],"jnews_social_meta":[],"jnews_post_split":[],"footnotes":""},"categories":[1],"tags":[],"class_list":["post-18857","post","type-post","status-publish","format-standard","has-post-thumbnail","hentry","category-uncategorized"],"_links":{"self":[{"href":"https:\/\/diariodepernambuco.audiencelabs.com.br\/wp-json\/wp\/v2\/posts\/18857","targetHints":{"allow":["GET"]}}],"collection":[{"href":"https:\/\/diariodepernambuco.audiencelabs.com.br\/wp-json\/wp\/v2\/posts"}],"about":[{"href":"https:\/\/diariodepernambuco.audiencelabs.com.br\/wp-json\/wp\/v2\/types\/post"}],"author":[{"embeddable":true,"href":"https:\/\/diariodepernambuco.audiencelabs.com.br\/wp-json\/wp\/v2\/users\/4"}],"replies":[{"embeddable":true,"href":"https:\/\/diariodepernambuco.audiencelabs.com.br\/wp-json\/wp\/v2\/comments?post=18857"}],"version-history":[{"count":1,"href":"https:\/\/diariodepernambuco.audiencelabs.com.br\/wp-json\/wp\/v2\/posts\/18857\/revisions"}],"predecessor-version":[{"id":18858,"href":"https:\/\/diariodepernambuco.audiencelabs.com.br\/wp-json\/wp\/v2\/posts\/18857\/revisions\/18858"}],"wp:featuredmedia":[{"embeddable":true,"href":"https:\/\/diariodepernambuco.audiencelabs.com.br\/wp-json\/wp\/v2\/media\/10216"}],"wp:attachment":[{"href":"https:\/\/diariodepernambuco.audiencelabs.com.br\/wp-json\/wp\/v2\/media?parent=18857"}],"wp:term":[{"taxonomy":"category","embeddable":true,"href":"https:\/\/diariodepernambuco.audiencelabs.com.br\/wp-json\/wp\/v2\/categories?post=18857"},{"taxonomy":"post_tag","embeddable":true,"href":"https:\/\/diariodepernambuco.audiencelabs.com.br\/wp-json\/wp\/v2\/tags?post=18857"}],"curies":[{"name":"wp","href":"https:\/\/api.w.org\/{rel}","templated":true}]}}