{"id":18876,"date":"2026-02-25T13:51:54","date_gmt":"2026-02-25T16:51:54","guid":{"rendered":"https:\/\/diariodepernambuco.audiencelabs.com.br\/?p=18876"},"modified":"2026-02-25T13:51:56","modified_gmt":"2026-02-25T16:51:56","slug":"ancelotti-volta-atras-em-decisao-que-havia-tomado-sobre-comandar-o-brasil-na-copa-do-mundo","status":"publish","type":"post","link":"https:\/\/diariodepernambuco.audiencelabs.com.br\/ancelotti-volta-atras-em-decisao-que-havia-tomado-sobre-comandar-o-brasil-na-copa-do-mundo\/","title":{"rendered":"Ancelotti volta atr\u00e1s em decis\u00e3o que havia tomado sobre comandar o Brasil na Copa do Mundo"},"content":{"rendered":"\n<p>O t\u00e9cnico Carlo Ancelotti, que inicialmente havia assinado contrato com a Confedera\u00e7\u00e3o Brasileira de Futebol (CBF) apenas para liderar a sele\u00e7\u00e3o brasileira na Copa do Mundo de 2026, est\u00e1 prestes a reverter essa posi\u00e7\u00e3o e estender seu v\u00ednculo at\u00e9 o Mundial de 2030.<\/p>\n\n\n\n<p>A mudan\u00e7a de planos acontece ap\u00f3s avan\u00e7os nas conversas entre o treinador italiano e a entidade, motivada pelo forte desempenho e pela confian\u00e7a demonstrada na condu\u00e7\u00e3o do trabalho com a equipe nacional. Quando foi contratado, Ancelotti acertou um contrato de curto prazo que contemplava apenas o ciclo at\u00e9 o fim do torneio neste ano.<\/p>\n\n\n\n<p>O acordo inicial significava que sua perman\u00eancia n\u00e3o seria garantida ap\u00f3s a competi\u00e7\u00e3o. A ideia original refletia cautela, tanto da parte do treinador quanto da CBF, diante de um per\u00edodo de transi\u00e7\u00e3o e de expectativas elevadas da torcida e da m\u00eddia.<\/p>\n\n\n\n<p>Entretanto, nos \u00faltimos meses, dirigentes da CBF e o pr\u00f3prio Ancelotti sinalizaram que um per\u00edodo t\u00e3o curto era insuficiente para implementar um projeto s\u00f3lido a longo prazo. Segundo o presidente da entidade, Samir Xaud, um contrato de apenas um ano n\u00e3o permitiria um trabalho com continuidade, capaz de consolidar uma identidade t\u00e1tica e alcan\u00e7ar resultados expressivos.<\/p>\n\n\n\n<p>Com isso, as tratativas para a renova\u00e7\u00e3o j\u00e1 est\u00e3o bastante avan\u00e7adas, restando apenas detalhes burocr\u00e1ticos e jur\u00eddicos para que o novo acordo seja formalizado. Se confirmado, Ancelotti seguir\u00e1 no comando da sele\u00e7\u00e3o brasileira por mais quatro anos, estendendo sua miss\u00e3o al\u00e9m de 2026 e configurando uma das apostas mais duradouras da CBF em treinadores estrangeiros nos \u00faltimos tempos.<\/p>\n\n\n\n<h2 class=\"wp-block-heading\">A agenda do Brasil na Copa do Mundo de 2026<\/h2>\n\n\n\n<ul class=\"wp-block-list\">\n<li>13\/06, 19h00 &#8211; Brasil x Marrocos &#8211; Nova Jersey<\/li>\n\n\n\n<li>19\/06, 22h00 &#8211; Brasil x Haiti &#8211; Filad\u00e9lfia<\/li>\n\n\n\n<li>24\/06, 19h00 &#8211; Esc\u00f3cia x Brasil &#8211; Miami<\/li>\n<\/ul>\n\n\n\n<p><\/p>\n","protected":false},"excerpt":{"rendered":"<p>O t\u00e9cnico Carlo Ancelotti, que inicialmente havia assinado contrato com a Confedera\u00e7\u00e3o Brasileira de Futebol (CBF) apenas para liderar a sele\u00e7\u00e3o brasileira na Copa do Mundo de 2026, est\u00e1 prestes a reverter essa posi\u00e7\u00e3o e estender seu v\u00ednculo at\u00e9 o Mundial de 2030. A mudan\u00e7a de planos acontece ap\u00f3s avan\u00e7os nas conversas entre o treinador [&hellip;]<\/p>\n","protected":false},"author":4,"featured_media":14609,"comment_status":"open","ping_status":"open","sticky":false,"template":"","format":"standard","meta":{"jnews-multi-image_gallery":[],"jnews_single_post":{"format":"standard"},"jnews_primary_category":[],"jnews_social_meta":[],"jnews_post_split":[],"footnotes":""},"categories":[1],"tags":[],"class_list":["post-18876","post","type-post","status-publish","format-standard","has-post-thumbnail","hentry","category-uncategorized"],"_links":{"self":[{"href":"https:\/\/diariodepernambuco.audiencelabs.com.br\/wp-json\/wp\/v2\/posts\/18876","targetHints":{"allow":["GET"]}}],"collection":[{"href":"https:\/\/diariodepernambuco.audiencelabs.com.br\/wp-json\/wp\/v2\/posts"}],"about":[{"href":"https:\/\/diariodepernambuco.audiencelabs.com.br\/wp-json\/wp\/v2\/types\/post"}],"author":[{"embeddable":true,"href":"https:\/\/diariodepernambuco.audiencelabs.com.br\/wp-json\/wp\/v2\/users\/4"}],"replies":[{"embeddable":true,"href":"https:\/\/diariodepernambuco.audiencelabs.com.br\/wp-json\/wp\/v2\/comments?post=18876"}],"version-history":[{"count":2,"href":"https:\/\/diariodepernambuco.audiencelabs.com.br\/wp-json\/wp\/v2\/posts\/18876\/revisions"}],"predecessor-version":[{"id":21220,"href":"https:\/\/diariodepernambuco.audiencelabs.com.br\/wp-json\/wp\/v2\/posts\/18876\/revisions\/21220"}],"wp:featuredmedia":[{"embeddable":true,"href":"https:\/\/diariodepernambuco.audiencelabs.com.br\/wp-json\/wp\/v2\/media\/14609"}],"wp:attachment":[{"href":"https:\/\/diariodepernambuco.audiencelabs.com.br\/wp-json\/wp\/v2\/media?parent=18876"}],"wp:term":[{"taxonomy":"category","embeddable":true,"href":"https:\/\/diariodepernambuco.audiencelabs.com.br\/wp-json\/wp\/v2\/categories?post=18876"},{"taxonomy":"post_tag","embeddable":true,"href":"https:\/\/diariodepernambuco.audiencelabs.com.br\/wp-json\/wp\/v2\/tags?post=18876"}],"curies":[{"name":"wp","href":"https:\/\/api.w.org\/{rel}","templated":true}]}}