{"id":19085,"date":"2026-03-01T13:22:00","date_gmt":"2026-03-01T16:22:00","guid":{"rendered":"https:\/\/diariodepernambuco.audiencelabs.com.br\/?p=19085"},"modified":"2026-02-26T12:27:32","modified_gmt":"2026-02-26T15:27:32","slug":"clts-comemoram-proposta-que-pode-ampliar-periodo-de-folga","status":"publish","type":"post","link":"https:\/\/diariodepernambuco.audiencelabs.com.br\/clts-comemoram-proposta-que-pode-ampliar-periodo-de-folga\/","title":{"rendered":"CLTs comemoram proposta que pode ampliar per\u00edodo de folga"},"content":{"rendered":"\n<p>Trabalhadores contratados sob o regime da Consolida\u00e7\u00e3o das Leis do Trabalho (CLT) no Brasil celebram uma proposta legislativa que, se aprovada, garantir\u00e1 folga no dia do anivers\u00e1rio de cada empregado. A medida, prevista em um projeto de lei em tramita\u00e7\u00e3o no Congresso Nacional, acrescentaria um direito in\u00e9dito \u00e0 lista de folgas j\u00e1 garantidas, como feriados nacionais e dias de descanso semanal.<\/p>\n\n\n\n<p>A expectativa entre os trabalhadores \u00e9 de que essa amplia\u00e7\u00e3o represente n\u00e3o apenas mais tempo livre, mas tamb\u00e9m um reconhecimento formal da import\u00e2ncia do equil\u00edbrio entre vida profissional e pessoal. Atualmente, a legisla\u00e7\u00e3o trabalhista brasileira n\u00e3o prev\u00ea automaticamente folga no dia de anivers\u00e1rio \u2014 essa possibilidade depende de acordos individuais ou conven\u00e7\u00f5es coletivas de trabalho.<\/p>\n\n\n\n<p>A nova proposta pretende estender essa garantia a todos os empregados sob CLT, independentemente do setor ou porte da empresa, tornando o dia de anivers\u00e1rio uma data oficial de descanso remunerado. Para muitos trabalhadores, isso significa uma vantagem concreta no calend\u00e1rio anual, possibilitando a celebra\u00e7\u00e3o pessoal sem a necessidade de ajustes ou compensa\u00e7\u00f5es de jornada.<\/p>\n\n\n\n<p>Empresas e sindicatos j\u00e1 come\u00e7aram a debater os impactos da medida, analisando quest\u00f5es pr\u00e1ticas como reposi\u00e7\u00e3o de atividades e ajustes em escalas de turnos. Enquanto alguns empregadores demonstram preocupa\u00e7\u00e3o com a organiza\u00e7\u00e3o do trabalho, especialmente em setores que exigem atendimento cont\u00ednuo, muitos colaboradores veem a proposta como um avan\u00e7o nas rela\u00e7\u00f5es de trabalho.<\/p>\n\n\n\n<p>Entidades de defesa dos direitos dos trabalhadores tamb\u00e9m ressaltam que essa folga adicional pode contribuir para a sa\u00fade mental, bem-estar e produtividade dos profissionais. Caso a lei seja aprovada, o Brasil se juntaria a outros pa\u00edses que j\u00e1 reconhecem oficialmente o dia de anivers\u00e1rio como um momento de descanso.<\/p>\n\n\n\n<p>A proposta tem ganhado apoio de parlamentares de diferentes partidos e vem sendo observada com interesse por trabalhadores de todo o pa\u00eds, que veem na amplia\u00e7\u00e3o do per\u00edodo de folga uma oportunidade de melhorar a qualidade de vida.<\/p>\n\n\n\n<p><\/p>\n","protected":false},"excerpt":{"rendered":"<p>Trabalhadores contratados sob o regime da Consolida\u00e7\u00e3o das Leis do Trabalho (CLT) no Brasil celebram uma proposta legislativa que, se aprovada, garantir\u00e1 folga no dia do anivers\u00e1rio de cada empregado. A medida, prevista em um projeto de lei em tramita\u00e7\u00e3o no Congresso Nacional, acrescentaria um direito in\u00e9dito \u00e0 lista de folgas j\u00e1 garantidas, como feriados [&hellip;]<\/p>\n","protected":false},"author":4,"featured_media":10315,"comment_status":"open","ping_status":"open","sticky":false,"template":"","format":"standard","meta":{"jnews-multi-image_gallery":[],"jnews_single_post":{"format":"standard"},"jnews_primary_category":[],"jnews_social_meta":[],"jnews_post_split":[],"footnotes":""},"categories":[1],"tags":[],"class_list":["post-19085","post","type-post","status-publish","format-standard","has-post-thumbnail","hentry","category-uncategorized"],"_links":{"self":[{"href":"https:\/\/diariodepernambuco.audiencelabs.com.br\/wp-json\/wp\/v2\/posts\/19085","targetHints":{"allow":["GET"]}}],"collection":[{"href":"https:\/\/diariodepernambuco.audiencelabs.com.br\/wp-json\/wp\/v2\/posts"}],"about":[{"href":"https:\/\/diariodepernambuco.audiencelabs.com.br\/wp-json\/wp\/v2\/types\/post"}],"author":[{"embeddable":true,"href":"https:\/\/diariodepernambuco.audiencelabs.com.br\/wp-json\/wp\/v2\/users\/4"}],"replies":[{"embeddable":true,"href":"https:\/\/diariodepernambuco.audiencelabs.com.br\/wp-json\/wp\/v2\/comments?post=19085"}],"version-history":[{"count":3,"href":"https:\/\/diariodepernambuco.audiencelabs.com.br\/wp-json\/wp\/v2\/posts\/19085\/revisions"}],"predecessor-version":[{"id":19089,"href":"https:\/\/diariodepernambuco.audiencelabs.com.br\/wp-json\/wp\/v2\/posts\/19085\/revisions\/19089"}],"wp:featuredmedia":[{"embeddable":true,"href":"https:\/\/diariodepernambuco.audiencelabs.com.br\/wp-json\/wp\/v2\/media\/10315"}],"wp:attachment":[{"href":"https:\/\/diariodepernambuco.audiencelabs.com.br\/wp-json\/wp\/v2\/media?parent=19085"}],"wp:term":[{"taxonomy":"category","embeddable":true,"href":"https:\/\/diariodepernambuco.audiencelabs.com.br\/wp-json\/wp\/v2\/categories?post=19085"},{"taxonomy":"post_tag","embeddable":true,"href":"https:\/\/diariodepernambuco.audiencelabs.com.br\/wp-json\/wp\/v2\/tags?post=19085"}],"curies":[{"name":"wp","href":"https:\/\/api.w.org\/{rel}","templated":true}]}}