{"id":19093,"date":"2026-02-26T12:33:36","date_gmt":"2026-02-26T15:33:36","guid":{"rendered":"https:\/\/diariodepernambuco.audiencelabs.com.br\/?p=19093"},"modified":"2026-02-26T12:33:39","modified_gmt":"2026-02-26T15:33:39","slug":"7-documentos-que-voce-precisa-tem-em-maos-para-nao-ter-problema-com-o-seu-imposto-de-renda","status":"publish","type":"post","link":"https:\/\/diariodepernambuco.audiencelabs.com.br\/7-documentos-que-voce-precisa-tem-em-maos-para-nao-ter-problema-com-o-seu-imposto-de-renda\/","title":{"rendered":"7 documentos que voc\u00ea precisa tem em m\u00e3os para n\u00e3o ter problema com o seu Imposto de Renda"},"content":{"rendered":"\n<p>Faltando poucas semanas para a abertura do prazo de envio da declara\u00e7\u00e3o do Imposto de Renda, milh\u00f5es de brasileiros j\u00e1 come\u00e7am a organizar pap\u00e9is e comprovantes para evitar erros com a Receita Federal. A expectativa \u00e9 que o calend\u00e1rio e as regras para 2026 sejam divulgados em breve, mas a prepara\u00e7\u00e3o pode \u2014 e deve \u2014 come\u00e7ar antes.<\/p>\n\n\n\n<p>Ter a documenta\u00e7\u00e3o correta separada facilita o preenchimento e reduz o risco de cair na malha fina. Confira os principais itens que n\u00e3o podem faltar.<\/p>\n\n\n\n<h2 class=\"wp-block-heading\">Documentos pessoais e dados cadastrais<\/h2>\n\n\n\n<p>O contribuinte deve reunir documento oficial com CPF, como RG ou CNH, al\u00e9m de comprovante de resid\u00eancia atualizado. Tamb\u00e9m s\u00e3o exigidos CPF do c\u00f4njuge, n\u00famero do T\u00edtulo de Eleitor, PIS, NIT ou inscri\u00e7\u00e3o no INSS. Quem j\u00e1 declarou anteriormente precisa do recibo da \u00faltima entrega. Informa\u00e7\u00f5es completas de dependentes e alimentandos tamb\u00e9m s\u00e3o indispens\u00e1veis.<\/p>\n\n\n\n<h2 class=\"wp-block-heading\">Comprovantes de rendimentos<\/h2>\n\n\n\n<p>O informe de rendimentos do trabalho, fornecido por empresas e pelo INSS, deve ser disponibilizado at\u00e9 27 de fevereiro. O documento detalha sal\u00e1rios, aposentadorias ou pens\u00f5es recebidas em 2025, discriminando valores tribut\u00e1veis, isentos e imposto retido.<\/p>\n\n\n\n<p>Bancos e institui\u00e7\u00f5es financeiras tamb\u00e9m enviam informes com dados de aplica\u00e7\u00f5es, saldos e rendimentos. Esses extratos costumam ficar dispon\u00edveis em aplicativos e no internet banking.<\/p>\n\n\n\n<h2 class=\"wp-block-heading\">Outras receitas e dedu\u00e7\u00f5es<\/h2>\n\n\n\n<p>Quem recebeu alugu\u00e9is, possui previd\u00eancia privada ou participa de programas de incentivo \u00e0 nota fiscal deve reunir os respectivos comprovantes. Despesas m\u00e9dicas, odontol\u00f3gicas e educacionais precisam ser comprovadas, assim como gastos com previd\u00eancia, honor\u00e1rios profissionais, doa\u00e7\u00f5es e transa\u00e7\u00f5es imobili\u00e1rias.<\/p>\n\n\n\n<p>Documentos de bens, como im\u00f3veis e ve\u00edculos, al\u00e9m de extratos de financiamentos, cons\u00f3rcios e empr\u00e9stimos, tamb\u00e9m entram na lista.<\/p>\n\n\n\n<h2 class=\"wp-block-heading\">Investimentos e opera\u00e7\u00f5es em bolsa<\/h2>\n\n\n\n<p>Contribuintes que operaram em renda vari\u00e1vel devem separar notas de corretagem, informes das corretoras e DARFs pagos ao longo do ano.<\/p>\n\n\n\n<h2 class=\"wp-block-heading\">Quem deve declarar em 2026<\/h2>\n\n\n\n<p>Seguindo os par\u00e2metros do \u00faltimo exerc\u00edcio, deve prestar contas quem recebeu rendimentos tribut\u00e1veis acima de R$ 33.888 no ano, teve rendimentos isentos superiores a R$ 200 mil, realizou opera\u00e7\u00f5es em bolsa acima de R$ 40 mil ou possu\u00eda bens superiores a R$ 800 mil em 31 de dezembro, entre outras situa\u00e7\u00f5es previstas pela Receita.<\/p>\n\n\n\n<p>Caso o informe n\u00e3o seja entregue no prazo, o trabalhador deve procurar a fonte pagadora ou utilizar a declara\u00e7\u00e3o pr\u00e9-preenchida dispon\u00edvel no sistema da Receita. Organizar-se agora \u00e9 a melhor forma de evitar transtornos mais adiante.<\/p>\n","protected":false},"excerpt":{"rendered":"<p>Faltando poucas semanas para a abertura do prazo de envio da declara\u00e7\u00e3o do Imposto de Renda, milh\u00f5es de brasileiros j\u00e1 come\u00e7am a organizar pap\u00e9is e comprovantes para evitar erros com a Receita Federal. A expectativa \u00e9 que o calend\u00e1rio e as regras para 2026 sejam divulgados em breve, mas a prepara\u00e7\u00e3o pode \u2014 e deve [&hellip;]<\/p>\n","protected":false},"author":7,"featured_media":2363,"comment_status":"open","ping_status":"open","sticky":false,"template":"","format":"standard","meta":{"jnews-multi-image_gallery":[],"jnews_single_post":{"format":"standard"},"jnews_primary_category":[],"jnews_social_meta":[],"jnews_post_split":[],"footnotes":""},"categories":[1],"tags":[],"class_list":["post-19093","post","type-post","status-publish","format-standard","has-post-thumbnail","hentry","category-uncategorized"],"_links":{"self":[{"href":"https:\/\/diariodepernambuco.audiencelabs.com.br\/wp-json\/wp\/v2\/posts\/19093","targetHints":{"allow":["GET"]}}],"collection":[{"href":"https:\/\/diariodepernambuco.audiencelabs.com.br\/wp-json\/wp\/v2\/posts"}],"about":[{"href":"https:\/\/diariodepernambuco.audiencelabs.com.br\/wp-json\/wp\/v2\/types\/post"}],"author":[{"embeddable":true,"href":"https:\/\/diariodepernambuco.audiencelabs.com.br\/wp-json\/wp\/v2\/users\/7"}],"replies":[{"embeddable":true,"href":"https:\/\/diariodepernambuco.audiencelabs.com.br\/wp-json\/wp\/v2\/comments?post=19093"}],"version-history":[{"count":1,"href":"https:\/\/diariodepernambuco.audiencelabs.com.br\/wp-json\/wp\/v2\/posts\/19093\/revisions"}],"predecessor-version":[{"id":19095,"href":"https:\/\/diariodepernambuco.audiencelabs.com.br\/wp-json\/wp\/v2\/posts\/19093\/revisions\/19095"}],"wp:featuredmedia":[{"embeddable":true,"href":"https:\/\/diariodepernambuco.audiencelabs.com.br\/wp-json\/wp\/v2\/media\/2363"}],"wp:attachment":[{"href":"https:\/\/diariodepernambuco.audiencelabs.com.br\/wp-json\/wp\/v2\/media?parent=19093"}],"wp:term":[{"taxonomy":"category","embeddable":true,"href":"https:\/\/diariodepernambuco.audiencelabs.com.br\/wp-json\/wp\/v2\/categories?post=19093"},{"taxonomy":"post_tag","embeddable":true,"href":"https:\/\/diariodepernambuco.audiencelabs.com.br\/wp-json\/wp\/v2\/tags?post=19093"}],"curies":[{"name":"wp","href":"https:\/\/api.w.org\/{rel}","templated":true}]}}