{"id":19152,"date":"2026-02-26T17:01:00","date_gmt":"2026-02-26T20:01:00","guid":{"rendered":"https:\/\/diariodepernambuco.audiencelabs.com.br\/?p=19152"},"modified":"2026-02-26T15:27:48","modified_gmt":"2026-02-26T18:27:48","slug":"chegou-no-brasil-em-1947-e-agora-deixou-o-pais-com-divida-de-r-288-milhoes","status":"publish","type":"post","link":"https:\/\/diariodepernambuco.audiencelabs.com.br\/chegou-no-brasil-em-1947-e-agora-deixou-o-pais-com-divida-de-r-288-milhoes\/","title":{"rendered":"Chegou no Brasil em 1947 e agora deixou o pa\u00eds com d\u00edvida de R$ 288 milh\u00f5es"},"content":{"rendered":"\n<p>A tradicional Livraria Cultura \u2014 cuja hist\u00f3ria come\u00e7ou em 1947 como uma pequena livraria familiar na cidade de S\u00e3o Paulo \u2014 encerrou suas opera\u00e7\u00f5es no Brasil ap\u00f3s mais de sete d\u00e9cadas de atua\u00e7\u00e3o. Ao longo dos anos, a Cultura se consolidou como uma das redes mais emblem\u00e1ticas do pa\u00eds, refer\u00eancia em livros, cultura e lazer, com lojas que se tornaram pontos de encontro para leitores e amantes das artes.<\/p>\n\n\n\n<p>Por\u00e9m, ap\u00f3s enfrentar sucessivos desafios econ\u00f4micos e estruturais, a empresa n\u00e3o resistiu e agora deixa um legado que, infelizmente, inclui uma d\u00edvida de cerca de R$ 288 milh\u00f5es. Nos \u00faltimos anos, a Livraria Cultura passou por um processo de deteriora\u00e7\u00e3o financeira, intensificado a partir da d\u00e9cada de 2010.<\/p>\n\n\n\n<p>A retra\u00e7\u00e3o do mercado editorial brasileiro, combinada com o aumento de custos operacionais e a crescente competi\u00e7\u00e3o com plataformas de com\u00e9rcio eletr\u00f4nico e consumo digital, fragilizou o modelo de neg\u00f3cio tradicional da empresa.<\/p>\n\n\n\n<p>A transi\u00e7\u00e3o inconsistente para o ambiente digital tamb\u00e9m dificultou a adapta\u00e7\u00e3o da rede \u00e0 nova din\u00e2mica de consumo, tornando ainda mais desafiador competir com grandes players do varejo online. O fechamento das \u00faltimas unidades representa o fim de um cap\u00edtulo importante na hist\u00f3ria cultural do pa\u00eds.<\/p>\n\n\n\n<p>A d\u00edvida de aproximadamente R$ 288 milh\u00f5es evidencia a dimens\u00e3o dos desafios que levaram \u00e0 fal\u00eancia da rede. Agora, al\u00e9m do encerramento das opera\u00e7\u00f5es, o processo de liquida\u00e7\u00e3o dos ativos e a tentativa de quita\u00e7\u00e3o dos d\u00e9bitos se torna foco principal de administradores e credores.<\/p>\n\n\n\n<h2 class=\"wp-block-heading\">Crise no mercado editorial acelerou queda hist\u00f3rica<\/h2>\n\n\n\n<p>A derrocada da Livraria Cultura n\u00e3o ocorreu de forma repentina. Especialistas apontam que o enfraquecimento do mercado editorial brasileiro, aliado \u00e0 mudan\u00e7a nos h\u00e1bitos de consumo e ao avan\u00e7o das plataformas digitais, reduziu significativamente o fluxo de clientes nas lojas f\u00edsicas.<\/p>\n\n\n\n<p>O aumento dos custos operacionais, como aluguel em pontos comerciais estrat\u00e9gicos e despesas com manuten\u00e7\u00e3o de grandes espa\u00e7os, tamb\u00e9m pesou nas contas da empresa ao longo dos anos. Al\u00e9m disso, a forte concorr\u00eancia de gigantes do com\u00e9rcio eletr\u00f4nico transformou a din\u00e2mica de venda de livros no pa\u00eds, pressionando margens e exigindo investimentos constantes em tecnologia e log\u00edstica.<\/p>\n\n\n\n<p><\/p>\n","protected":false},"excerpt":{"rendered":"<p>A tradicional Livraria Cultura \u2014 cuja hist\u00f3ria come\u00e7ou em 1947 como uma pequena livraria familiar na cidade de S\u00e3o Paulo \u2014 encerrou suas opera\u00e7\u00f5es no Brasil ap\u00f3s mais de sete d\u00e9cadas de atua\u00e7\u00e3o. Ao longo dos anos, a Cultura se consolidou como uma das redes mais emblem\u00e1ticas do pa\u00eds, refer\u00eancia em livros, cultura e lazer, [&hellip;]<\/p>\n","protected":false},"author":4,"featured_media":10330,"comment_status":"open","ping_status":"open","sticky":false,"template":"","format":"standard","meta":{"jnews-multi-image_gallery":[],"jnews_single_post":{"format":"standard"},"jnews_primary_category":[],"jnews_social_meta":[],"jnews_post_split":[],"footnotes":""},"categories":[1],"tags":[],"class_list":["post-19152","post","type-post","status-publish","format-standard","has-post-thumbnail","hentry","category-uncategorized"],"_links":{"self":[{"href":"https:\/\/diariodepernambuco.audiencelabs.com.br\/wp-json\/wp\/v2\/posts\/19152","targetHints":{"allow":["GET"]}}],"collection":[{"href":"https:\/\/diariodepernambuco.audiencelabs.com.br\/wp-json\/wp\/v2\/posts"}],"about":[{"href":"https:\/\/diariodepernambuco.audiencelabs.com.br\/wp-json\/wp\/v2\/types\/post"}],"author":[{"embeddable":true,"href":"https:\/\/diariodepernambuco.audiencelabs.com.br\/wp-json\/wp\/v2\/users\/4"}],"replies":[{"embeddable":true,"href":"https:\/\/diariodepernambuco.audiencelabs.com.br\/wp-json\/wp\/v2\/comments?post=19152"}],"version-history":[{"count":2,"href":"https:\/\/diariodepernambuco.audiencelabs.com.br\/wp-json\/wp\/v2\/posts\/19152\/revisions"}],"predecessor-version":[{"id":19154,"href":"https:\/\/diariodepernambuco.audiencelabs.com.br\/wp-json\/wp\/v2\/posts\/19152\/revisions\/19154"}],"wp:featuredmedia":[{"embeddable":true,"href":"https:\/\/diariodepernambuco.audiencelabs.com.br\/wp-json\/wp\/v2\/media\/10330"}],"wp:attachment":[{"href":"https:\/\/diariodepernambuco.audiencelabs.com.br\/wp-json\/wp\/v2\/media?parent=19152"}],"wp:term":[{"taxonomy":"category","embeddable":true,"href":"https:\/\/diariodepernambuco.audiencelabs.com.br\/wp-json\/wp\/v2\/categories?post=19152"},{"taxonomy":"post_tag","embeddable":true,"href":"https:\/\/diariodepernambuco.audiencelabs.com.br\/wp-json\/wp\/v2\/tags?post=19152"}],"curies":[{"name":"wp","href":"https:\/\/api.w.org\/{rel}","templated":true}]}}