{"id":19288,"date":"2026-02-27T12:00:00","date_gmt":"2026-02-27T15:00:00","guid":{"rendered":"https:\/\/diariodepernambuco.audiencelabs.com.br\/?p=19288"},"modified":"2026-02-27T11:57:46","modified_gmt":"2026-02-27T14:57:46","slug":"com-aporte-de-r-10-milhoes-john-textor-ganha-novo-endereco-de-750-m%c2%b2-no-rio","status":"publish","type":"post","link":"https:\/\/diariodepernambuco.audiencelabs.com.br\/com-aporte-de-r-10-milhoes-john-textor-ganha-novo-endereco-de-750-m%c2%b2-no-rio\/","title":{"rendered":"Com aporte de R$ 10 milh\u00f5es, John Textor ganha novo endere\u00e7o de 750 m\u00b2 no Rio"},"content":{"rendered":"\n<p>O empres\u00e1rio americano John Textor esteve no Rio de Janeiro para a inaugura\u00e7\u00e3o de um novo espa\u00e7o de recupera\u00e7\u00e3o f\u00edsica no centro de treinamento do Botafogo, em Vargem Grande. A obra, que consumiu um aporte aproximado de R$ 10 milh\u00f5es, representa um dos maiores investimentos recentes da SAF do clube em infraestrutura esportiva.<\/p>\n\n\n\n<p>O local, batizado de Espa\u00e7o Recovery, ocupa cerca de 750 m\u00b2 distribu\u00eddos em dois andares e foi planejado para funcionar como um ponto central de suporte \u00e0 performance dos atletas. A estrutura rec\u00e9m-inaugurada foi dividida em duas grandes \u00e1reas: seca e molhada.<\/p>\n\n\n\n<p>Na parte molhada, os jogadores t\u00eam acesso a piscinas de contraste, piscina aquecida, sauna e banheiras de hidromassagem, equipamentos que aceleram a recupera\u00e7\u00e3o ap\u00f3s jogos e treinos intensos. Antes dessa instala\u00e7\u00e3o, parte dessas atividades de recupera\u00e7\u00e3o era feita em espa\u00e7os adaptados no pr\u00f3prio vesti\u00e1rio do CT, limitado em escala e conforto para os atletas.<\/p>\n\n\n<div class=\"wp-block-image\">\n<figure class=\"aligncenter size-full is-resized\"><img loading=\"lazy\" decoding=\"async\" width=\"984\" height=\"655\" src=\"https:\/\/diariodepernambuco.audiencelabs.com.br\/wp-content\/uploads\/2026\/02\/Textor.avif\" alt=\"\" class=\"wp-image-19291\" style=\"aspect-ratio:1.5023013350286079;width:700px;height:auto\" \/><figcaption class=\"wp-element-caption\">Botafogo inaugura \u00e1rea de recupera\u00e7\u00e3o molhada no CT \u2014 Foto: Vitor Silva\/BFR<\/figcaption><\/figure>\n<\/div>\n\n\n<p>J\u00e1 a \u00e1rea seca conta com tecnologia e equipamentos voltados para a recupera\u00e7\u00e3o muscular, como botas de compress\u00e3o, mantas de LED e camas de massoterapia. O andar superior abriga setores de fisiologia, sala de observa\u00e7\u00e3o e \u00e1reas de apoio, integrando os profissionais de sa\u00fade e performance com o cotidiano de prepara\u00e7\u00e3o dos jogadores.<\/p>\n\n\n\n<p>A nova instala\u00e7\u00e3o tamb\u00e9m amplia a capacidade do N\u00facleo de Sa\u00fade e Performance, refor\u00e7ando a import\u00e2ncia dada pelo clube \u00e0 manuten\u00e7\u00e3o f\u00edsica ao longo da temporada. Durante o evento, Textor e dirigentes do Botafogo destacaram que a obra vai al\u00e9m de um simples espa\u00e7o f\u00edsico: ela simboliza a evolu\u00e7\u00e3o da gest\u00e3o e da cultura de performance dentro do clube.<\/p>\n","protected":false},"excerpt":{"rendered":"<p>O empres\u00e1rio americano John Textor esteve no Rio de Janeiro para a inaugura\u00e7\u00e3o de um novo espa\u00e7o de recupera\u00e7\u00e3o f\u00edsica no centro de treinamento do Botafogo, em Vargem Grande. A obra, que consumiu um aporte aproximado de R$ 10 milh\u00f5es, representa um dos maiores investimentos recentes da SAF do clube em infraestrutura esportiva. O local, [&hellip;]<\/p>\n","protected":false},"author":4,"featured_media":19290,"comment_status":"open","ping_status":"open","sticky":false,"template":"","format":"standard","meta":{"jnews-multi-image_gallery":[],"jnews_single_post":{"format":"standard"},"jnews_primary_category":[],"jnews_social_meta":[],"jnews_post_split":[],"footnotes":""},"categories":[1],"tags":[],"class_list":["post-19288","post","type-post","status-publish","format-standard","has-post-thumbnail","hentry","category-uncategorized"],"_links":{"self":[{"href":"https:\/\/diariodepernambuco.audiencelabs.com.br\/wp-json\/wp\/v2\/posts\/19288","targetHints":{"allow":["GET"]}}],"collection":[{"href":"https:\/\/diariodepernambuco.audiencelabs.com.br\/wp-json\/wp\/v2\/posts"}],"about":[{"href":"https:\/\/diariodepernambuco.audiencelabs.com.br\/wp-json\/wp\/v2\/types\/post"}],"author":[{"embeddable":true,"href":"https:\/\/diariodepernambuco.audiencelabs.com.br\/wp-json\/wp\/v2\/users\/4"}],"replies":[{"embeddable":true,"href":"https:\/\/diariodepernambuco.audiencelabs.com.br\/wp-json\/wp\/v2\/comments?post=19288"}],"version-history":[{"count":2,"href":"https:\/\/diariodepernambuco.audiencelabs.com.br\/wp-json\/wp\/v2\/posts\/19288\/revisions"}],"predecessor-version":[{"id":19292,"href":"https:\/\/diariodepernambuco.audiencelabs.com.br\/wp-json\/wp\/v2\/posts\/19288\/revisions\/19292"}],"wp:featuredmedia":[{"embeddable":true,"href":"https:\/\/diariodepernambuco.audiencelabs.com.br\/wp-json\/wp\/v2\/media\/19290"}],"wp:attachment":[{"href":"https:\/\/diariodepernambuco.audiencelabs.com.br\/wp-json\/wp\/v2\/media?parent=19288"}],"wp:term":[{"taxonomy":"category","embeddable":true,"href":"https:\/\/diariodepernambuco.audiencelabs.com.br\/wp-json\/wp\/v2\/categories?post=19288"},{"taxonomy":"post_tag","embeddable":true,"href":"https:\/\/diariodepernambuco.audiencelabs.com.br\/wp-json\/wp\/v2\/tags?post=19288"}],"curies":[{"name":"wp","href":"https:\/\/api.w.org\/{rel}","templated":true}]}}