{"id":19372,"date":"2026-02-27T15:04:00","date_gmt":"2026-02-27T18:04:00","guid":{"rendered":"https:\/\/diariodepernambuco.audiencelabs.com.br\/escala-6x1-chega-ao-fim-e-governo-tambem-decide-por-salario-minimo-de-r-278500-neste-pais\/"},"modified":"2026-02-27T15:04:02","modified_gmt":"2026-02-27T18:04:02","slug":"escala-6x1-chega-ao-fim-e-governo-tambem-decide-por-salario-minimo-de-r-278500-neste-pais","status":"publish","type":"post","link":"https:\/\/diariodepernambuco.audiencelabs.com.br\/escala-6x1-chega-ao-fim-e-governo-tambem-decide-por-salario-minimo-de-r-278500-neste-pais\/","title":{"rendered":"Escala 6&#215;1 chega ao fim e governo tamb\u00e9m decide por sal\u00e1rio m\u00ednimo de R$ 2.785,00 neste pa\u00eds"},"content":{"rendered":"<p data-start=\"104\" data-end=\"420\">Uma transforma&ccedil;&atilde;o nas regras trabalhistas come&ccedil;ou a tomar forma no M&eacute;xico ap&oacute;s d&eacute;cadas sem mudan&ccedil;as na carga hor&aacute;ria semanal. O pa&iacute;s aprovou um projeto que estabelece a redu&ccedil;&atilde;o gradual da jornada de 48 para 40 horas por semana. A medida ainda depende da valida&ccedil;&atilde;o das assembleias estaduais, etapa considerada formal.<\/p>\n<p data-start=\"422\" data-end=\"637\">A proposta faz parte de um movimento mais amplo de ajustes nas normas trabalhistas e ocorre em um cen&aacute;rio de baixos sal&aacute;rios e produtividade reduzida. O pa&iacute;s tamb&eacute;m fixou um sal&aacute;rio m&iacute;nimo equivalente a R$ 2.785,00.<\/p>\n<h2 data-start=\"639\" data-end=\"663\">Tramita&ccedil;&atilde;o e aprova&ccedil;&atilde;o<\/h2>\n<p data-start=\"665\" data-end=\"901\">A C&acirc;mara dos Deputados aprovou o texto-base na noite de ter&ccedil;a-feira (24). Dos 469 parlamentares presentes, todos votaram a favor. Em seguida, os deputados analisaram os pontos espec&iacute;ficos da proposta, que receberam 411 votos favor&aacute;veis.<\/p>\n<p data-start=\"903\" data-end=\"1108\">O Senado j&aacute; havia dado aval ao projeto neste m&ecirc;s. O partido governista Morena, que possui maioria na Casa, apoiou a medida ao longo da tramita&ccedil;&atilde;o. A discuss&atilde;o em plen&aacute;rio se estendeu por cerca de 10 horas.<\/p>\n<h2 data-start=\"1110\" data-end=\"1131\">Como ser&aacute; a redu&ccedil;&atilde;o?<\/h2>\n<p data-start=\"1133\" data-end=\"1326\">A diminui&ccedil;&atilde;o da jornada n&atilde;o ser&aacute; imediata. O plano prev&ecirc; corte de duas horas por ano at&eacute; 2030. Se confirmada pelas assembleias estaduais, a primeira redu&ccedil;&atilde;o entrar&aacute; em vigor em janeiro de 2027.<\/p>\n<p data-start=\"1328\" data-end=\"1542\">Mesmo com a mudan&ccedil;a, o texto mant&eacute;m um ponto que gerou cr&iacute;ticas. O limite semanal de horas extras sobe de nove para 12 horas. Al&eacute;m disso, permanece a regra de apenas um dia de descanso a cada seis dias trabalhados.<\/p>\n<p data-start=\"1578\" data-end=\"1800\">Atualmente, o M&eacute;xico registra mais de 2.226 horas trabalhadas por pessoa ao ano. &Eacute; o pior &iacute;ndice de equil&iacute;brio entre vida profissional e pessoal entre os pa&iacute;ses da Organiza&ccedil;&atilde;o para Coopera&ccedil;&atilde;o e Desenvolvimento Econ&ocirc;mico.<\/p>\n<p data-start=\"1802\" data-end=\"1990\">O pa&iacute;s tamb&eacute;m apresenta a menor produtividade e os sal&aacute;rios mais baixos entre os 38 integrantes do grupo. Outro dado relevante &eacute; a informalidade, que atinge cerca de 55% dos trabalhadores.<\/p>\n<h2 data-start=\"1992\" data-end=\"2010\">Impacto esperado<\/h2>\n<p data-start=\"2012\" data-end=\"2214\">A estimativa &eacute; que aproximadamente 13,4 milh&otilde;es de pessoas sejam alcan&ccedil;adas pela nova regra. O Minist&eacute;rio do Trabalho informou que o pa&iacute;s come&ccedil;ar&aacute; a eliminar gradualmente a jornada de 48 horas semanais.<\/p>\n<p data-start=\"2216\" data-end=\"2436\" data-is-last-node=\"\" data-is-only-node=\"\">Se confirmada em todas as etapas, a reforma representar&aacute; uma mudan&ccedil;a estrutural no modelo tradicional de trabalho mexicano. A transi&ccedil;&atilde;o ser&aacute; lenta, mas marca o in&iacute;cio de um novo formato de organiza&ccedil;&atilde;o da jornada no pa&iacute;s.<\/p>\n","protected":false},"excerpt":{"rendered":"<p>Uma transforma&ccedil;&atilde;o nas regras trabalhistas come&ccedil;ou a tomar forma no M&eacute;xico ap&oacute;s d&eacute;cadas sem mudan&ccedil;as na carga hor&aacute;ria semanal. O pa&iacute;s aprovou um projeto que estabelece a redu&ccedil;&atilde;o gradual da jornada de 48 para 40 horas por semana. A medida ainda depende da valida&ccedil;&atilde;o das assembleias estaduais, etapa considerada formal. A proposta faz parte de [&hellip;]<\/p>\n","protected":false},"author":18,"featured_media":19371,"comment_status":"open","ping_status":"open","sticky":false,"template":"","format":"standard","meta":{"jnews-multi-image_gallery":[],"jnews_single_post":[],"jnews_primary_category":[],"jnews_social_meta":[],"jnews_post_split":[],"footnotes":""},"categories":[1],"tags":[],"class_list":["post-19372","post","type-post","status-publish","format-standard","has-post-thumbnail","hentry","category-uncategorized"],"_links":{"self":[{"href":"https:\/\/diariodepernambuco.audiencelabs.com.br\/wp-json\/wp\/v2\/posts\/19372","targetHints":{"allow":["GET"]}}],"collection":[{"href":"https:\/\/diariodepernambuco.audiencelabs.com.br\/wp-json\/wp\/v2\/posts"}],"about":[{"href":"https:\/\/diariodepernambuco.audiencelabs.com.br\/wp-json\/wp\/v2\/types\/post"}],"author":[{"embeddable":true,"href":"https:\/\/diariodepernambuco.audiencelabs.com.br\/wp-json\/wp\/v2\/users\/18"}],"replies":[{"embeddable":true,"href":"https:\/\/diariodepernambuco.audiencelabs.com.br\/wp-json\/wp\/v2\/comments?post=19372"}],"version-history":[{"count":1,"href":"https:\/\/diariodepernambuco.audiencelabs.com.br\/wp-json\/wp\/v2\/posts\/19372\/revisions"}],"predecessor-version":[{"id":19373,"href":"https:\/\/diariodepernambuco.audiencelabs.com.br\/wp-json\/wp\/v2\/posts\/19372\/revisions\/19373"}],"wp:featuredmedia":[{"embeddable":true,"href":"https:\/\/diariodepernambuco.audiencelabs.com.br\/wp-json\/wp\/v2\/media\/19371"}],"wp:attachment":[{"href":"https:\/\/diariodepernambuco.audiencelabs.com.br\/wp-json\/wp\/v2\/media?parent=19372"}],"wp:term":[{"taxonomy":"category","embeddable":true,"href":"https:\/\/diariodepernambuco.audiencelabs.com.br\/wp-json\/wp\/v2\/categories?post=19372"},{"taxonomy":"post_tag","embeddable":true,"href":"https:\/\/diariodepernambuco.audiencelabs.com.br\/wp-json\/wp\/v2\/tags?post=19372"}],"curies":[{"name":"wp","href":"https:\/\/api.w.org\/{rel}","templated":true}]}}