{"id":19380,"date":"2026-02-27T15:19:27","date_gmt":"2026-02-27T18:19:27","guid":{"rendered":"https:\/\/diariodepernambuco.audiencelabs.com.br\/novo-imposto-sobre-turismo-e-aprovado-e-viagens-ficarao-mais-caras-neste-pais\/"},"modified":"2026-02-27T15:19:29","modified_gmt":"2026-02-27T18:19:29","slug":"novo-imposto-sobre-turismo-e-aprovado-e-viagens-ficarao-mais-caras-neste-pais","status":"publish","type":"post","link":"https:\/\/diariodepernambuco.audiencelabs.com.br\/novo-imposto-sobre-turismo-e-aprovado-e-viagens-ficarao-mais-caras-neste-pais\/","title":{"rendered":"Novo imposto sobre turismo \u00e9 aprovado e viagens ficar\u00e3o mais caras neste pa\u00eds"},"content":{"rendered":"<p data-start=\"89\" data-end=\"395\">Quem planeja conhecer Barcelona precisar&aacute; rever o or&ccedil;amento. A capital da Catalunha aprovou um aumento expressivo na taxa cobrada de visitantes e o valor pode chegar a 15 euros por noite. Com a mudan&ccedil;a, a cidade passa a figurar entre os destinos com tributa&ccedil;&atilde;o tur&iacute;stica mais elevada do continente europeu.<\/p>\n<p data-start=\"397\" data-end=\"601\">A decis&atilde;o foi tomada pelo parlamento regional e integra um pacote de medidas voltadas ao controle do turismo. Parte da arrecada&ccedil;&atilde;o dever&aacute; ser usada para enfrentar a crise habitacional que atinge a cidade.<\/p>\n<h2 data-start=\"603\" data-end=\"632\">Rea&ccedil;&atilde;o ao avan&ccedil;o do turismo<\/h2>\n<p data-start=\"634\" data-end=\"861\">Nos &uacute;ltimos anos, moradores t&ecirc;m ido &agrave;s ruas para protestar contra o crescimento acelerado do n&uacute;mero de visitantes. A principal queixa envolve o encarecimento da moradia, impulsionado pela expans&atilde;o dos alugu&eacute;is de curta dura&ccedil;&atilde;o.<\/p>\n<p data-start=\"863\" data-end=\"1114\">As autoridades locais avaliam que a press&atilde;o sobre o mercado imobili&aacute;rio est&aacute; diretamente ligada ao modelo de hospedagem tempor&aacute;ria. Por isso, al&eacute;m do reajuste na taxa, j&aacute; foi anunciado o plano de encerrar as licen&ccedil;as de aluguel por temporada at&eacute; 2028.<\/p>\n<h2 data-start=\"1116\" data-end=\"1146\">Novos valores entram em cena<\/h2>\n<p data-start=\"1148\" data-end=\"1299\">A legisla&ccedil;&atilde;o aprovada dobra o teto da cobran&ccedil;a para h&oacute;spedes de im&oacute;veis alugados por temporada. O limite passa de 6,25 euros para 12,5 euros por noite.<\/p>\n<p data-start=\"1301\" data-end=\"1513\">Nos hot&eacute;is, o impacto tamb&eacute;m ser&aacute; significativo. A partir de abril, a taxa varia entre 10 e 15 euros por pessoa, conforme a categoria do estabelecimento. Antes do reajuste, os valores ficavam entre 5 e 7,5 euros.<\/p>\n<p data-start=\"1515\" data-end=\"1648\">A cobran&ccedil;a &eacute; individual e aplicada por di&aacute;ria. Isso significa que casais ou fam&iacute;lias sentir&atilde;o o aumento de forma ainda mais evidente.<\/p>\n<h2 data-start=\"1650\" data-end=\"1685\">Quanto isso representa na pr&aacute;tica?<\/h2>\n<p data-start=\"1687\" data-end=\"1863\">Em um hotel quatro estrelas &mdash; categoria que concentra quase metade da rede hoteleira da cidade &mdash; duas noites para um casal poder&atilde;o gerar 45,60 euros apenas em taxas tur&iacute;sticas.<\/p>\n<p data-start=\"1865\" data-end=\"1951\">O acr&eacute;scimo se soma &agrave;s despesas tradicionais com hospedagem, alimenta&ccedil;&atilde;o e transporte.<\/p>\n<p data-start=\"1972\" data-end=\"2160\">Barcelona continua sendo um dos destinos mais visitados da Europa. No entanto, a nova pol&iacute;tica sinaliza um esfor&ccedil;o para reduzir excessos e equilibrar os impactos do turismo na vida urbana.<\/p>\n<p data-start=\"2162\" data-end=\"2303\" data-is-last-node=\"\" data-is-only-node=\"\">Para o viajante, a consequ&ecirc;ncia &eacute; clara. A experi&ecirc;ncia na cidade permanece a mesma, mas o custo final da viagem ser&aacute; maior a partir de agora.<\/p>\n","protected":false},"excerpt":{"rendered":"<p>Quem planeja conhecer Barcelona precisar&aacute; rever o or&ccedil;amento. A capital da Catalunha aprovou um aumento expressivo na taxa cobrada de visitantes e o valor pode chegar a 15 euros por noite. Com a mudan&ccedil;a, a cidade passa a figurar entre os destinos com tributa&ccedil;&atilde;o tur&iacute;stica mais elevada do continente europeu. A decis&atilde;o foi tomada pelo [&hellip;]<\/p>\n","protected":false},"author":18,"featured_media":19379,"comment_status":"open","ping_status":"open","sticky":false,"template":"","format":"standard","meta":{"jnews-multi-image_gallery":[],"jnews_single_post":[],"jnews_primary_category":[],"jnews_social_meta":[],"jnews_post_split":[],"footnotes":""},"categories":[1],"tags":[],"class_list":["post-19380","post","type-post","status-publish","format-standard","has-post-thumbnail","hentry","category-uncategorized"],"_links":{"self":[{"href":"https:\/\/diariodepernambuco.audiencelabs.com.br\/wp-json\/wp\/v2\/posts\/19380","targetHints":{"allow":["GET"]}}],"collection":[{"href":"https:\/\/diariodepernambuco.audiencelabs.com.br\/wp-json\/wp\/v2\/posts"}],"about":[{"href":"https:\/\/diariodepernambuco.audiencelabs.com.br\/wp-json\/wp\/v2\/types\/post"}],"author":[{"embeddable":true,"href":"https:\/\/diariodepernambuco.audiencelabs.com.br\/wp-json\/wp\/v2\/users\/18"}],"replies":[{"embeddable":true,"href":"https:\/\/diariodepernambuco.audiencelabs.com.br\/wp-json\/wp\/v2\/comments?post=19380"}],"version-history":[{"count":1,"href":"https:\/\/diariodepernambuco.audiencelabs.com.br\/wp-json\/wp\/v2\/posts\/19380\/revisions"}],"predecessor-version":[{"id":19381,"href":"https:\/\/diariodepernambuco.audiencelabs.com.br\/wp-json\/wp\/v2\/posts\/19380\/revisions\/19381"}],"wp:featuredmedia":[{"embeddable":true,"href":"https:\/\/diariodepernambuco.audiencelabs.com.br\/wp-json\/wp\/v2\/media\/19379"}],"wp:attachment":[{"href":"https:\/\/diariodepernambuco.audiencelabs.com.br\/wp-json\/wp\/v2\/media?parent=19380"}],"wp:term":[{"taxonomy":"category","embeddable":true,"href":"https:\/\/diariodepernambuco.audiencelabs.com.br\/wp-json\/wp\/v2\/categories?post=19380"},{"taxonomy":"post_tag","embeddable":true,"href":"https:\/\/diariodepernambuco.audiencelabs.com.br\/wp-json\/wp\/v2\/tags?post=19380"}],"curies":[{"name":"wp","href":"https:\/\/api.w.org\/{rel}","templated":true}]}}