{"id":19550,"date":"2026-03-02T09:05:00","date_gmt":"2026-03-02T12:05:00","guid":{"rendered":"https:\/\/diariodepernambuco.audiencelabs.com.br\/?p=19550"},"modified":"2026-03-02T08:08:38","modified_gmt":"2026-03-02T11:08:38","slug":"quantas-pessoas-foram-no-ato-bolsonarista-na-avenida-paulista-no-ultimo-domingo-1o","status":"publish","type":"post","link":"https:\/\/diariodepernambuco.audiencelabs.com.br\/quantas-pessoas-foram-no-ato-bolsonarista-na-avenida-paulista-no-ultimo-domingo-1o\/","title":{"rendered":"Quantas pessoas foram no ato bolsonarista na Avenida Paulista no \u00faltimo domingo (1\u00ba)?"},"content":{"rendered":"\n<p>No domingo (1\u00ba), a Avenida Paulista, em S\u00e3o Paulo, foi palco de uma manifesta\u00e7\u00e3o bolsonarista intitulada \u201cAcorda Brasil\u201d, com cr\u00edticas ao presidente Luiz In\u00e1cio Lula da Silva e a ministros do Supremo Tribunal Federal (STF). O ato foi convocado pelo deputado federal Nikolas Ferreira (PL-MG) e reuniu aliados e apoiadores ao longo da tarde na regi\u00e3o central da capital paulista.<\/p>\n\n\n\n<p>Segundo estimativas do Monitor do Debate Pol\u00edtico da Universidade de S\u00e3o Paulo (USP) em parceria com o Centro Brasileiro de An\u00e1lise e Planejamento (Cebrap), a manifesta\u00e7\u00e3o contou com cerca de 20,400 pessoas no seu momento de maior concentra\u00e7\u00e3o, por volta das 15h53.<\/p>\n\n\n\n<p>Essa metodologia de contagem usou imagens a\u00e9reas capturadas por drones e an\u00e1lise por intelig\u00eancia artificial para identificar e marcar indiv\u00edduos, com margem de erro de cerca de 12% \u2014 o que coloca o p\u00fablico estimado entre aproximadamente 18 mil e 22,900 participantes.<\/p>\n\n\n\n<p>Outros levantamentos apresentam n\u00fameros um pouco diferentes. Por exemplo, o site Poder360 estimou a presen\u00e7a de cerca de 22,800 pessoas na Paulista no mesmo dia, a partir de fotos a\u00e9reas analisadas com t\u00e9cnicas de mapeamento de \u00e1rea ocupada, o que sugere varia\u00e7\u00f5es conforme o m\u00e9todo utilizado para contabilizar os presentes.<\/p>\n\n\n\n<p>Em s\u00edntese, apesar de diferen\u00e7as nos c\u00e1lculos, as principais estimativas independentes apontam que o ato bolsonarista no \u00faltimo domingo reuniu algo em torno de 20 mil a pouco mais de 22 mil pessoas na Avenida Paulista, o que o torna uma mobiliza\u00e7\u00e3o de menor porte se comparado a algumas manifesta\u00e7\u00f5es de anos anteriores em S\u00e3o Paulo.<\/p>\n\n\n\n<h2 class=\"wp-block-heading\">Governador n\u00e3o marcou presen\u00e7a em ato<\/h2>\n\n\n\n<p>O governador Tarc\u00edsio de Freitas (Republicanos) n\u00e3o compareceu \u00e0 manifesta\u00e7\u00e3o, pois est\u00e1 na Alemanha cumprindo compromissos oficiais, com agenda de palestras e visitas t\u00e9cnicas. Michelle Bolsonaro tamb\u00e9m n\u00e3o participou do ato.<\/p>\n\n\n\n<p>Estiveram presentes no ato diversas lideran\u00e7as pol\u00edticas, entre elas o senador Fl\u00e1vio Bolsonaro (PL), o presidente nacional do PL, Valdemar Costa Neto, o deputado federal Nikolas Ferreira (PL), o deputado federal Guilherme Derrite (Progressistas), os governadores Romeu Zema (Minas Gerais) e Ronaldo Caiado (Goi\u00e1s), al\u00e9m do prefeito de S\u00e3o Paulo, Ricardo Nunes.<\/p>\n\n\n\n<p><\/p>\n","protected":false},"excerpt":{"rendered":"<p>No domingo (1\u00ba), a Avenida Paulista, em S\u00e3o Paulo, foi palco de uma manifesta\u00e7\u00e3o bolsonarista intitulada \u201cAcorda Brasil\u201d, com cr\u00edticas ao presidente Luiz In\u00e1cio Lula da Silva e a ministros do Supremo Tribunal Federal (STF). O ato foi convocado pelo deputado federal Nikolas Ferreira (PL-MG) e reuniu aliados e apoiadores ao longo da tarde na [&hellip;]<\/p>\n","protected":false},"author":4,"featured_media":19553,"comment_status":"open","ping_status":"open","sticky":false,"template":"","format":"standard","meta":{"jnews-multi-image_gallery":[],"jnews_single_post":{"format":"standard"},"jnews_primary_category":[],"jnews_social_meta":[],"jnews_post_split":[],"footnotes":""},"categories":[1],"tags":[],"class_list":["post-19550","post","type-post","status-publish","format-standard","has-post-thumbnail","hentry","category-uncategorized"],"_links":{"self":[{"href":"https:\/\/diariodepernambuco.audiencelabs.com.br\/wp-json\/wp\/v2\/posts\/19550","targetHints":{"allow":["GET"]}}],"collection":[{"href":"https:\/\/diariodepernambuco.audiencelabs.com.br\/wp-json\/wp\/v2\/posts"}],"about":[{"href":"https:\/\/diariodepernambuco.audiencelabs.com.br\/wp-json\/wp\/v2\/types\/post"}],"author":[{"embeddable":true,"href":"https:\/\/diariodepernambuco.audiencelabs.com.br\/wp-json\/wp\/v2\/users\/4"}],"replies":[{"embeddable":true,"href":"https:\/\/diariodepernambuco.audiencelabs.com.br\/wp-json\/wp\/v2\/comments?post=19550"}],"version-history":[{"count":2,"href":"https:\/\/diariodepernambuco.audiencelabs.com.br\/wp-json\/wp\/v2\/posts\/19550\/revisions"}],"predecessor-version":[{"id":19554,"href":"https:\/\/diariodepernambuco.audiencelabs.com.br\/wp-json\/wp\/v2\/posts\/19550\/revisions\/19554"}],"wp:featuredmedia":[{"embeddable":true,"href":"https:\/\/diariodepernambuco.audiencelabs.com.br\/wp-json\/wp\/v2\/media\/19553"}],"wp:attachment":[{"href":"https:\/\/diariodepernambuco.audiencelabs.com.br\/wp-json\/wp\/v2\/media?parent=19550"}],"wp:term":[{"taxonomy":"category","embeddable":true,"href":"https:\/\/diariodepernambuco.audiencelabs.com.br\/wp-json\/wp\/v2\/categories?post=19550"},{"taxonomy":"post_tag","embeddable":true,"href":"https:\/\/diariodepernambuco.audiencelabs.com.br\/wp-json\/wp\/v2\/tags?post=19550"}],"curies":[{"name":"wp","href":"https:\/\/api.w.org\/{rel}","templated":true}]}}