{"id":19596,"date":"2026-03-02T13:05:26","date_gmt":"2026-03-02T16:05:26","guid":{"rendered":"https:\/\/diariodepernambuco.audiencelabs.com.br\/?p=19596"},"modified":"2026-03-02T13:05:30","modified_gmt":"2026-03-02T16:05:30","slug":"eclipse-impactante-vai-mudar-a-cor-da-lua-no-ceu-veja-data-e-horario","status":"publish","type":"post","link":"https:\/\/diariodepernambuco.audiencelabs.com.br\/eclipse-impactante-vai-mudar-a-cor-da-lua-no-ceu-veja-data-e-horario\/","title":{"rendered":"Eclipse impactante vai mudar a cor da lua no c\u00e9u: veja data e hor\u00e1rio"},"content":{"rendered":"\n<p>Nesta semana, os c\u00e9us se tornar\u00e3o palco de um fen\u00f4meno que, embora pare\u00e7a assustador, sobretudo por conta de seu nome popular,<strong> trata-se de um evento magn\u00edfico<\/strong> que pode agradar principalmente os f\u00e3s de astronomia.<\/p>\n\n\n\n<p>Isso porque, na madrugada de 3 de mar\u00e7o, ocorrer\u00e1 um eclipse lunar total que <strong>resultar\u00e1 na chamada &#8220;Lua de Sangue&#8221;<\/strong>, uma vez que o sat\u00e9lite natural apresentar\u00e1 uma colora\u00e7\u00e3o avermelhada durante a ocorr\u00eancia do fen\u00f4meno.<\/p>\n\n\n\n<p>Apesar das cren\u00e7as populares, entidades especializadas, como a Administra\u00e7\u00e3o Nacional da Aeron\u00e1utica e Espa\u00e7o (NASA), ressaltam que o evento <strong>n\u00e3o representa nenhum tipo de risco<\/strong>, pois trata-se de um processo totalmente natural que se assemelha ao do c\u00e9u no fim de tarde.<\/p>\n\n\n\n<p>Sendo assim, n\u00e3o h\u00e1 perigo em acompanhar o fen\u00f4meno, que poder\u00e1 ser observado em grande parte do continente Americano e<strong> durar\u00e1 cerca de 58 minutos<\/strong>. Contudo, \u00e9 ideal se atentar aos hor\u00e1rios de ocorr\u00eancia para n\u00e3o perd\u00ea-lo de vista.<\/p>\n\n\n\n<p>De acordo com informa\u00e7\u00f5es divulgadas por portais especializados em conte\u00fado espacial, o eclipse se iniciar\u00e1 <strong>nas primeiras horas da manh\u00e3 do dia 3 de mar\u00e7o e deve atingir sua totalidade por volta das 6h<\/strong>. Mas, vale lembrar que, no Brasil, ser\u00e1 poss\u00edvel acompanhar as fases penumbrais e parciais do fen\u00f4meno.<\/p>\n\n\n\n<h2 class=\"wp-block-heading\">Observa\u00e7\u00e3o de eclipse n\u00e3o exige equipamento<\/h2>\n\n\n\n<p>Mesmo ainda dependendo da a\u00e7\u00e3o da luz solar para ocorrer, vale lembrar que os eclipses lunares <strong>n\u00e3o dependem de nenhum tipo de equipamento espec\u00edfico<\/strong> para serem acompanhados, podendo ser observados a olho nu com seguran\u00e7a.<\/p>\n\n\n\n<p>Contudo, \u00e9 importante ressaltar que bin\u00f3culos ou telesc\u00f3pios podem fornecer uma vis\u00e3o mais detalhada do fen\u00f4meno, sendo poss\u00edvel acompanhar sua progress\u00e3o de forma minuciosa, o que engrandece ainda mais a experi\u00eancia.<\/p>\n\n\n\n<p>Al\u00e9m disso, segundo especialistas, \u00e9 fundamental buscar um local aberto, com horizonte livre e pouca polui\u00e7\u00e3o luminosa para garantir uma vis\u00e3o plena do eclipse, j\u00e1 que o excesso de elementos e luminosidade podem ofuscar o fen\u00f4meno.<\/p>\n","protected":false},"excerpt":{"rendered":"<p>Nesta semana, os c\u00e9us se tornar\u00e3o palco de um fen\u00f4meno que, embora pare\u00e7a assustador, sobretudo por conta de seu nome popular, trata-se de um evento magn\u00edfico que pode agradar principalmente os f\u00e3s de astronomia. Isso porque, na madrugada de 3 de mar\u00e7o, ocorrer\u00e1 um eclipse lunar total que resultar\u00e1 na chamada &#8220;Lua de Sangue&#8221;, uma [&hellip;]<\/p>\n","protected":false},"author":15,"featured_media":19597,"comment_status":"open","ping_status":"open","sticky":false,"template":"","format":"standard","meta":{"jnews-multi-image_gallery":[],"jnews_single_post":{"format":"standard"},"jnews_primary_category":[],"jnews_social_meta":[],"jnews_post_split":[],"footnotes":""},"categories":[1],"tags":[],"class_list":["post-19596","post","type-post","status-publish","format-standard","has-post-thumbnail","hentry","category-uncategorized"],"_links":{"self":[{"href":"https:\/\/diariodepernambuco.audiencelabs.com.br\/wp-json\/wp\/v2\/posts\/19596","targetHints":{"allow":["GET"]}}],"collection":[{"href":"https:\/\/diariodepernambuco.audiencelabs.com.br\/wp-json\/wp\/v2\/posts"}],"about":[{"href":"https:\/\/diariodepernambuco.audiencelabs.com.br\/wp-json\/wp\/v2\/types\/post"}],"author":[{"embeddable":true,"href":"https:\/\/diariodepernambuco.audiencelabs.com.br\/wp-json\/wp\/v2\/users\/15"}],"replies":[{"embeddable":true,"href":"https:\/\/diariodepernambuco.audiencelabs.com.br\/wp-json\/wp\/v2\/comments?post=19596"}],"version-history":[{"count":1,"href":"https:\/\/diariodepernambuco.audiencelabs.com.br\/wp-json\/wp\/v2\/posts\/19596\/revisions"}],"predecessor-version":[{"id":19603,"href":"https:\/\/diariodepernambuco.audiencelabs.com.br\/wp-json\/wp\/v2\/posts\/19596\/revisions\/19603"}],"wp:featuredmedia":[{"embeddable":true,"href":"https:\/\/diariodepernambuco.audiencelabs.com.br\/wp-json\/wp\/v2\/media\/19597"}],"wp:attachment":[{"href":"https:\/\/diariodepernambuco.audiencelabs.com.br\/wp-json\/wp\/v2\/media?parent=19596"}],"wp:term":[{"taxonomy":"category","embeddable":true,"href":"https:\/\/diariodepernambuco.audiencelabs.com.br\/wp-json\/wp\/v2\/categories?post=19596"},{"taxonomy":"post_tag","embeddable":true,"href":"https:\/\/diariodepernambuco.audiencelabs.com.br\/wp-json\/wp\/v2\/tags?post=19596"}],"curies":[{"name":"wp","href":"https:\/\/api.w.org\/{rel}","templated":true}]}}