{"id":19604,"date":"2026-03-02T13:34:25","date_gmt":"2026-03-02T16:34:25","guid":{"rendered":"https:\/\/diariodepernambuco.audiencelabs.com.br\/?p=19604"},"modified":"2026-03-02T13:34:27","modified_gmt":"2026-03-02T16:34:27","slug":"salario-minimo-sofreu-aumento-historico-e-brasileiros-ja-podem-comemorar","status":"publish","type":"post","link":"https:\/\/diariodepernambuco.audiencelabs.com.br\/salario-minimo-sofreu-aumento-historico-e-brasileiros-ja-podem-comemorar\/","title":{"rendered":"Sal\u00e1rio m\u00ednimo sofreu aumento hist\u00f3rico e brasileiros j\u00e1 podem comemorar"},"content":{"rendered":"\n<p>Durante grande parte do ano passado, o governo federal efetuou ajustes no Projeto de Lei de Diretrizes Or\u00e7ament\u00e1rias para <strong>definir metas fiscais para 2026<\/strong> que respeitassem o equil\u00edbrio entre receitas e despesas para evitar preju\u00edzos aos cofres p\u00fablicos.<\/p>\n\n\n\n<p>E \u00e9 importante destacar que <strong>o sal\u00e1rio m\u00ednimo<\/strong> est\u00e1 entre os investimentos definidos pelo documento, tendo como base de c\u00e1lculo aa infla\u00e7\u00e3o medida pelo \u00cdndice Nacional de Pre\u00e7os ao Consumidor (INPC) dos \u00faltimos 12 meses e o crescimento real do Produto Interno Bruto (PIB) de dois anos anteriores.<\/p>\n\n\n\n<p>Justamente por conta disso, o governo conseguiu alcan\u00e7ar um patamar hist\u00f3rico com o pagamento, que sofreu um reajuste de 6,79% e, a partir de janeiro, passou a ser de <strong>R$ 1.621<\/strong>, superando o montante anterior em cerca de R$ 103.<\/p>\n\n\n\n<p>O valor oficial ficou abaixo da previs\u00e3o inicial do governo, que originalmente, era de R$ 1.630. Todavia, a varia\u00e7\u00e3o ocorreu por conta de <strong>uma queda no INPC acumulado<\/strong>, que acabou resultando no total oficializado.<\/p>\n\n\n\n<p>Mas \u00e9 importante ressaltar que, apesar de parecer \u00ednfimo, o aumento no sal\u00e1rio m\u00ednimo foi apontado como significativo, j\u00e1 que conforme destacado pela atual minstra do Planejamento e Or\u00e7amento, Simone Tebet, durante apresenta\u00e7\u00e3o da proposta or\u00e7ament\u00e1ria, o valor representa o maior aumento do montante nos \u00faltimos 50 anos.<\/p>\n\n\n\n<h2 class=\"wp-block-heading\">PLDO definiu proje\u00e7\u00f5es de aumento do sal\u00e1rio m\u00ednimo dos pr\u00f3ximos anos<\/h2>\n\n\n\n<p>Al\u00e9m de estabelecer o montante que passaria a ser pago a partir de 2026, a PLDO aprovada em dezembro do ano passado tamb\u00e9m estabeleceu o valor do sal\u00e1rio m\u00ednimo dos pr\u00f3ximos anos com base no c\u00e1lculo atual, estabelecendo as seguintes proje\u00e7\u00f5es:<\/p>\n\n\n\n<ul class=\"wp-block-list\">\n<li><strong>2027:<\/strong> R$ 1.724 (5,76% de aumento);<\/li>\n\n\n\n<li><strong>2028:<\/strong> R$ 1.823 (5,74% de aumento);<\/li>\n\n\n\n<li><strong>2029: <\/strong>R$ 1.925 (5,59% de aumento).<\/li>\n<\/ul>\n\n\n\n<p>Vale lembrar que, al\u00e9m de definir o valor m\u00ednimo que pode ser pago a trabalhadores formais (CLT), o valor do sal\u00e1rio m\u00ednimo tamb\u00e9m serve como piso de benef\u00edcios previdenci\u00e1rios (INSS) e sociais.<\/p>\n","protected":false},"excerpt":{"rendered":"<p>Durante grande parte do ano passado, o governo federal efetuou ajustes no Projeto de Lei de Diretrizes Or\u00e7ament\u00e1rias para definir metas fiscais para 2026 que respeitassem o equil\u00edbrio entre receitas e despesas para evitar preju\u00edzos aos cofres p\u00fablicos. E \u00e9 importante destacar que o sal\u00e1rio m\u00ednimo est\u00e1 entre os investimentos definidos pelo documento, tendo como [&hellip;]<\/p>\n","protected":false},"author":15,"featured_media":19605,"comment_status":"open","ping_status":"open","sticky":false,"template":"","format":"standard","meta":{"jnews-multi-image_gallery":[],"jnews_single_post":{"format":"standard"},"jnews_primary_category":[],"jnews_social_meta":[],"jnews_post_split":[],"footnotes":""},"categories":[1],"tags":[],"class_list":["post-19604","post","type-post","status-publish","format-standard","has-post-thumbnail","hentry","category-uncategorized"],"_links":{"self":[{"href":"https:\/\/diariodepernambuco.audiencelabs.com.br\/wp-json\/wp\/v2\/posts\/19604","targetHints":{"allow":["GET"]}}],"collection":[{"href":"https:\/\/diariodepernambuco.audiencelabs.com.br\/wp-json\/wp\/v2\/posts"}],"about":[{"href":"https:\/\/diariodepernambuco.audiencelabs.com.br\/wp-json\/wp\/v2\/types\/post"}],"author":[{"embeddable":true,"href":"https:\/\/diariodepernambuco.audiencelabs.com.br\/wp-json\/wp\/v2\/users\/15"}],"replies":[{"embeddable":true,"href":"https:\/\/diariodepernambuco.audiencelabs.com.br\/wp-json\/wp\/v2\/comments?post=19604"}],"version-history":[{"count":1,"href":"https:\/\/diariodepernambuco.audiencelabs.com.br\/wp-json\/wp\/v2\/posts\/19604\/revisions"}],"predecessor-version":[{"id":19606,"href":"https:\/\/diariodepernambuco.audiencelabs.com.br\/wp-json\/wp\/v2\/posts\/19604\/revisions\/19606"}],"wp:featuredmedia":[{"embeddable":true,"href":"https:\/\/diariodepernambuco.audiencelabs.com.br\/wp-json\/wp\/v2\/media\/19605"}],"wp:attachment":[{"href":"https:\/\/diariodepernambuco.audiencelabs.com.br\/wp-json\/wp\/v2\/media?parent=19604"}],"wp:term":[{"taxonomy":"category","embeddable":true,"href":"https:\/\/diariodepernambuco.audiencelabs.com.br\/wp-json\/wp\/v2\/categories?post=19604"},{"taxonomy":"post_tag","embeddable":true,"href":"https:\/\/diariodepernambuco.audiencelabs.com.br\/wp-json\/wp\/v2\/tags?post=19604"}],"curies":[{"name":"wp","href":"https:\/\/api.w.org\/{rel}","templated":true}]}}