{"id":19643,"date":"2026-03-03T17:06:00","date_gmt":"2026-03-03T20:06:00","guid":{"rendered":"https:\/\/diariodepernambuco.audiencelabs.com.br\/?p=19643"},"modified":"2026-03-02T14:53:02","modified_gmt":"2026-03-02T17:53:02","slug":"brasileiros-que-completam-60-anos-vao-ganhar-gratuidade-de-conta-que-costumavam-pagar","status":"publish","type":"post","link":"https:\/\/diariodepernambuco.audiencelabs.com.br\/brasileiros-que-completam-60-anos-vao-ganhar-gratuidade-de-conta-que-costumavam-pagar\/","title":{"rendered":"Brasileiros que completam 60 anos v\u00e3o ganhar gratuidade de conta que costumavam pagar"},"content":{"rendered":"\n<p>Brasileiros que completam 60 anos podem ter direito \u00e0 gratuidade de uma conta que pesa no or\u00e7amento de muitas fam\u00edlias: o IPTU. Em diversas cidades do pa\u00eds, idosos podem solicitar isen\u00e7\u00e3o do Imposto Predial e Territorial Urbano, deixando de pagar o tributo que incide sobre im\u00f3veis residenciais. No entanto, o benef\u00edcio n\u00e3o \u00e9 autom\u00e1tico e depende das regras estabelecidas por cada munic\u00edpio.<\/p>\n\n\n\n<p>A legisla\u00e7\u00e3o varia de cidade para cidade. Em alguns munic\u00edpios, a isen\u00e7\u00e3o pode ser solicitada a partir dos 60 anos de idade, enquanto em outros o benef\u00edcio \u00e9 concedido apenas para quem tem 65 anos ou mais. Al\u00e9m da idade m\u00ednima, normalmente h\u00e1 outros crit\u00e9rios, como limite de renda, exig\u00eancia de que o im\u00f3vel seja o \u00fanico do contribuinte e que seja utilizado como resid\u00eancia pr\u00f3pria.<\/p>\n\n\n\n<p>Outro ponto importante \u00e9 que o interessado precisa fazer a solicita\u00e7\u00e3o formal junto \u00e0 prefeitura, apresentando documentos que comprovem idade, renda e propriedade do im\u00f3vel. Caso o pedido seja aprovado, a isen\u00e7\u00e3o pode valer j\u00e1 para o exerc\u00edcio seguinte ou, dependendo das regras locais, para o pr\u00f3prio ano em curso.<\/p>\n\n\n\n<p>Por isso, quem est\u00e1 prestes a completar 60 anos deve ficar atento \u00e0s normas do seu munic\u00edpio e aos prazos para requerer o benef\u00edcio. A consulta pode ser feita no site da prefeitura ou diretamente na Secretaria de Finan\u00e7as da cidade. Em tempos de or\u00e7amento apertado, a isen\u00e7\u00e3o do IPTU pode representar um al\u00edvio significativo nas despesas anuais.<\/p>\n\n\n\n<h2 class=\"wp-block-heading\">Capitais e grandes cidades j\u00e1 adotam regras espec\u00edficas para idosos<\/h2>\n\n\n\n<p>Em cidades como S\u00e3o Paulo, Rio de Janeiro e Belo Horizonte, h\u00e1 previs\u00e3o de isen\u00e7\u00e3o ou descontos no IPTU para idosos que atendem a crit\u00e9rios como idade m\u00ednima, renda limitada e posse de \u00fanico im\u00f3vel utilizado como moradia pr\u00f3pria. As regras variam, mas geralmente exigem cadastro pr\u00e9vio e comprova\u00e7\u00e3o anual das condi\u00e7\u00f5es estabelecidas pela prefeitura.<\/p>\n\n\n\n<p>Outros munic\u00edpios, como Curitiba, Porto Alegre e Salvador, tamb\u00e9m possuem programas semelhantes, com exig\u00eancias espec\u00edficas definidas em lei municipal. Por isso, \u00e9 fundamental consultar a legisla\u00e7\u00e3o local, j\u00e1 que idade m\u00ednima, teto de renda e percentual de desconto podem mudar de acordo com cada cidade.<\/p>\n\n\n\n<p><\/p>\n","protected":false},"excerpt":{"rendered":"<p>Brasileiros que completam 60 anos podem ter direito \u00e0 gratuidade de uma conta que pesa no or\u00e7amento de muitas fam\u00edlias: o IPTU. Em diversas cidades do pa\u00eds, idosos podem solicitar isen\u00e7\u00e3o do Imposto Predial e Territorial Urbano, deixando de pagar o tributo que incide sobre im\u00f3veis residenciais. No entanto, o benef\u00edcio n\u00e3o \u00e9 autom\u00e1tico e [&hellip;]<\/p>\n","protected":false},"author":4,"featured_media":10216,"comment_status":"open","ping_status":"open","sticky":false,"template":"","format":"standard","meta":{"jnews-multi-image_gallery":[],"jnews_single_post":{"format":"standard"},"jnews_primary_category":[],"jnews_social_meta":[],"jnews_post_split":[],"footnotes":""},"categories":[1],"tags":[],"class_list":["post-19643","post","type-post","status-publish","format-standard","has-post-thumbnail","hentry","category-uncategorized"],"_links":{"self":[{"href":"https:\/\/diariodepernambuco.audiencelabs.com.br\/wp-json\/wp\/v2\/posts\/19643","targetHints":{"allow":["GET"]}}],"collection":[{"href":"https:\/\/diariodepernambuco.audiencelabs.com.br\/wp-json\/wp\/v2\/posts"}],"about":[{"href":"https:\/\/diariodepernambuco.audiencelabs.com.br\/wp-json\/wp\/v2\/types\/post"}],"author":[{"embeddable":true,"href":"https:\/\/diariodepernambuco.audiencelabs.com.br\/wp-json\/wp\/v2\/users\/4"}],"replies":[{"embeddable":true,"href":"https:\/\/diariodepernambuco.audiencelabs.com.br\/wp-json\/wp\/v2\/comments?post=19643"}],"version-history":[{"count":2,"href":"https:\/\/diariodepernambuco.audiencelabs.com.br\/wp-json\/wp\/v2\/posts\/19643\/revisions"}],"predecessor-version":[{"id":19646,"href":"https:\/\/diariodepernambuco.audiencelabs.com.br\/wp-json\/wp\/v2\/posts\/19643\/revisions\/19646"}],"wp:featuredmedia":[{"embeddable":true,"href":"https:\/\/diariodepernambuco.audiencelabs.com.br\/wp-json\/wp\/v2\/media\/10216"}],"wp:attachment":[{"href":"https:\/\/diariodepernambuco.audiencelabs.com.br\/wp-json\/wp\/v2\/media?parent=19643"}],"wp:term":[{"taxonomy":"category","embeddable":true,"href":"https:\/\/diariodepernambuco.audiencelabs.com.br\/wp-json\/wp\/v2\/categories?post=19643"},{"taxonomy":"post_tag","embeddable":true,"href":"https:\/\/diariodepernambuco.audiencelabs.com.br\/wp-json\/wp\/v2\/tags?post=19643"}],"curies":[{"name":"wp","href":"https:\/\/api.w.org\/{rel}","templated":true}]}}