{"id":19658,"date":"2026-03-07T12:24:00","date_gmt":"2026-03-07T15:24:00","guid":{"rendered":"https:\/\/diariodepernambuco.audiencelabs.com.br\/?p=19658"},"modified":"2026-03-02T15:17:02","modified_gmt":"2026-03-02T18:17:02","slug":"13o-do-inss-quando-comeca-a-ser-pago-e-qual-vai-ser-o-valor","status":"publish","type":"post","link":"https:\/\/diariodepernambuco.audiencelabs.com.br\/13o-do-inss-quando-comeca-a-ser-pago-e-qual-vai-ser-o-valor\/","title":{"rendered":"13\u00ba do INSS: quando come\u00e7a a ser pago e qual vai ser o valor?"},"content":{"rendered":"\n<p>O 13\u00ba sal\u00e1rio pago pelo Instituto Nacional do Seguro Social (INSS) \u00e9 um direito garantido aos aposentados, pensionistas e a quem recebeu benef\u00edcios previdenci\u00e1rios ao longo do ano, como aux\u00edlio-acidente ou aux\u00edlio-doen\u00e7a. Tradicionalmente, esse abono \u00e9 pago em duas parcelas, cada uma equivalente a 50% do valor do benef\u00edcio mensal recebido.<\/p>\n\n\n\n<p>Para 2026, ainda n\u00e3o h\u00e1 calend\u00e1rio oficial divulgado pelo governo federal, pois depende da assinatura de um decreto presidencial que confirme a antecipa\u00e7\u00e3o dos pagamentos. Se esse decreto for publicado, a expectativa, com base nas pr\u00e1ticas dos anos anteriores, \u00e9 de que a primeira parcela seja liberada entre abril e maio e a segunda entre maio e junho de 2026.<\/p>\n\n\n\n<p>Caso n\u00e3o haja antecipa\u00e7\u00e3o, o cr\u00e9dito costuma ser feito mais para o segundo semestre, a partir de agosto, conforme o cronograma regular do INSS. Quanto ao valor, o 13\u00ba sal\u00e1rio acompanha os reajustes dos benef\u00edcios previdenci\u00e1rios.<\/p>\n\n\n\n<p>Em 2026, com o novo piso previdenci\u00e1rio fixado em R$ 1.621,00, quem recebe esse valor ter\u00e1 um 13\u00ba total de R$ 1.621,00 \u2014 dividido em duas parcelas de R$ 810,50 \u2014 sem descontos de Imposto de Renda na primeira parte. No caso de quem recebe o teto do INSS, agora em R$ 8.475,55, o abono total pode chegar a esse mesmo valor anual.<\/p>\n\n\n\n<p>O valor efetivo que cada benefici\u00e1rio receber\u00e1 depende tamb\u00e9m do tempo em que o benef\u00edcio foi pago ao longo do ano: quem come\u00e7ou a receber depois de janeiro tem direito ao 13\u00ba proporcional. Para acompanhar o calend\u00e1rio espec\u00edfico e confirmar as datas de pagamento, o segurado pode usar o aplicativo Meu INSS, o site oficial ou ligar para a central de atendimento.<\/p>\n\n\n\n<h2 class=\"wp-block-heading\">Antecipa\u00e7\u00e3o pode garantir al\u00edvio no or\u00e7amento<\/h2>\n\n\n\n<p>A antecipa\u00e7\u00e3o do 13\u00ba tem sido adotada nos \u00faltimos anos como forma de injetar recursos na economia e aliviar o or\u00e7amento de milh\u00f5es de segurados. Caso o governo federal confirme novamente essa medida por meio de decreto, o pagamento seguir\u00e1 o cronograma organizado pelo Instituto Nacional do Seguro Social.<\/p>\n\n\n\n<p>Para evitar golpes e informa\u00e7\u00f5es falsas, o aposentado ou pensionista deve acompanhar as atualiza\u00e7\u00f5es apenas pelos canais oficiais, como o aplicativo e o site do Meu INSS ou pela Central 135. A consulta antecipada permite verificar o valor exato a receber, poss\u00edveis descontos e a data correta do dep\u00f3sito, garantindo mais seguran\u00e7a e planejamento financeiro.<\/p>\n\n\n\n<p><\/p>\n","protected":false},"excerpt":{"rendered":"<p>O 13\u00ba sal\u00e1rio pago pelo Instituto Nacional do Seguro Social (INSS) \u00e9 um direito garantido aos aposentados, pensionistas e a quem recebeu benef\u00edcios previdenci\u00e1rios ao longo do ano, como aux\u00edlio-acidente ou aux\u00edlio-doen\u00e7a. Tradicionalmente, esse abono \u00e9 pago em duas parcelas, cada uma equivalente a 50% do valor do benef\u00edcio mensal recebido. Para 2026, ainda n\u00e3o [&hellip;]<\/p>\n","protected":false},"author":4,"featured_media":566,"comment_status":"open","ping_status":"open","sticky":false,"template":"","format":"standard","meta":{"jnews-multi-image_gallery":[],"jnews_single_post":{"format":"standard"},"jnews_primary_category":[],"jnews_social_meta":[],"jnews_post_split":[],"footnotes":""},"categories":[1],"tags":[],"class_list":["post-19658","post","type-post","status-publish","format-standard","has-post-thumbnail","hentry","category-uncategorized"],"_links":{"self":[{"href":"https:\/\/diariodepernambuco.audiencelabs.com.br\/wp-json\/wp\/v2\/posts\/19658","targetHints":{"allow":["GET"]}}],"collection":[{"href":"https:\/\/diariodepernambuco.audiencelabs.com.br\/wp-json\/wp\/v2\/posts"}],"about":[{"href":"https:\/\/diariodepernambuco.audiencelabs.com.br\/wp-json\/wp\/v2\/types\/post"}],"author":[{"embeddable":true,"href":"https:\/\/diariodepernambuco.audiencelabs.com.br\/wp-json\/wp\/v2\/users\/4"}],"replies":[{"embeddable":true,"href":"https:\/\/diariodepernambuco.audiencelabs.com.br\/wp-json\/wp\/v2\/comments?post=19658"}],"version-history":[{"count":3,"href":"https:\/\/diariodepernambuco.audiencelabs.com.br\/wp-json\/wp\/v2\/posts\/19658\/revisions"}],"predecessor-version":[{"id":19661,"href":"https:\/\/diariodepernambuco.audiencelabs.com.br\/wp-json\/wp\/v2\/posts\/19658\/revisions\/19661"}],"wp:featuredmedia":[{"embeddable":true,"href":"https:\/\/diariodepernambuco.audiencelabs.com.br\/wp-json\/wp\/v2\/media\/566"}],"wp:attachment":[{"href":"https:\/\/diariodepernambuco.audiencelabs.com.br\/wp-json\/wp\/v2\/media?parent=19658"}],"wp:term":[{"taxonomy":"category","embeddable":true,"href":"https:\/\/diariodepernambuco.audiencelabs.com.br\/wp-json\/wp\/v2\/categories?post=19658"},{"taxonomy":"post_tag","embeddable":true,"href":"https:\/\/diariodepernambuco.audiencelabs.com.br\/wp-json\/wp\/v2\/tags?post=19658"}],"curies":[{"name":"wp","href":"https:\/\/api.w.org\/{rel}","templated":true}]}}