{"id":19755,"date":"2026-03-03T15:30:00","date_gmt":"2026-03-03T18:30:00","guid":{"rendered":"https:\/\/diariodepernambuco.audiencelabs.com.br\/?p=19755"},"modified":"2026-03-03T10:09:58","modified_gmt":"2026-03-03T13:09:58","slug":"ferias-de-30-dias-sao-reduzidas-para-apenas-12-dias-de-descanso-por-lei-caso-o-funcionario-cometa-essas-infracoes","status":"publish","type":"post","link":"https:\/\/diariodepernambuco.audiencelabs.com.br\/ferias-de-30-dias-sao-reduzidas-para-apenas-12-dias-de-descanso-por-lei-caso-o-funcionario-cometa-essas-infracoes\/","title":{"rendered":"F\u00e9rias de 30 dias s\u00e3o reduzidas para apenas 12 dias de descanso por lei caso o funcion\u00e1rio cometa essas infra\u00e7\u00f5es"},"content":{"rendered":"\n<p>Muitos trabalhadores ainda acreditam que o direito \u00e0s 30 dias de f\u00e9rias \u00e9 absoluto ap\u00f3s um ano de trabalho, mas a legisla\u00e7\u00e3o trabalhista brasileira \u2014 consolidada na Consolida\u00e7\u00e3o das Leis do Trabalho (CLT) \u2014 prev\u00ea situa\u00e7\u00f5es em que esse per\u00edodo pode ser reduzido de forma significativa.<\/p>\n\n\n\n<p>Um dos principais motivos para essa redu\u00e7\u00e3o est\u00e1 ligado ao n\u00famero de faltas injustificadas ao longo do per\u00edodo aquisitivo, ou seja, durante os 12 meses que antecedem as f\u00e9rias. Essa regra costuma surpreender quem n\u00e3o acompanha de perto a pr\u00f3pria frequ\u00eancia no trabalho.<\/p>\n\n\n\n<p>A CLT estabelece que o trabalhador que n\u00e3o ultrapassar cinco faltas injustificadas durante o ano tem direito ao per\u00edodo completo de 30 dias de descanso. No entanto, conforme o n\u00famero de faltas aumenta, os dias de f\u00e9rias s\u00e3o proporcionalmente reduzidos: quem tem de seis a 14 faltas recebe 24 dias; com 15 a 23 faltas, o per\u00edodo cai para 18 dias.<\/p>\n\n\n\n<p>Se acumular de 24 a 32 faltas injustificadas, o trabalhador s\u00f3 ter\u00e1 direito a 12 dias de f\u00e9rias. Esse mecanismo legal tem como objetivo incentivar a assiduidade do empregado, ao mesmo tempo em que protege os interesses do empregador. Vale destacar que, se o trabalhador ultrapassar 32 faltas injustificadas, ele perde completamente o direito \u00e0s f\u00e9rias.<\/p>\n\n\n\n<p>Mesmo com essas redu\u00e7\u00f5es autom\u00e1ticas, o direito \u00e0s f\u00e9rias permanece garantido pela CLT para quem atinge os requisitos m\u00ednimos, e o fracionamento em at\u00e9 tr\u00eas per\u00edodos continua permitido, desde que respeitadas as regras de dura\u00e7\u00e3o m\u00ednima para cada bloco. Por isso, \u00e9 importante que os empregados acompanhem o controle de ponto e evitem faltas injustificadas ao longo do ano.<\/p>\n\n\n\n<h2 class=\"wp-block-heading\">Entenda como funcionam as faltas justificadas e os direitos do trabalhador<\/h2>\n\n\n\n<p>\u00c9 importante destacar que nem toda aus\u00eancia impacta no c\u00e1lculo das f\u00e9rias. Faltas justificadas \u2014 como aquelas motivadas por atestado m\u00e9dico, licen\u00e7a-maternidade, licen\u00e7a-paternidade, casamento, falecimento de familiar pr\u00f3ximo ou convoca\u00e7\u00e3o judicial \u2014 n\u00e3o entram na contagem para redu\u00e7\u00e3o do per\u00edodo de descanso.<\/p>\n\n\n\n<p>A pr\u00f3pria Consolida\u00e7\u00e3o das Leis do Trabalho (CLT) prev\u00ea essas exce\u00e7\u00f5es, garantindo que o trabalhador n\u00e3o seja penalizado quando a aus\u00eancia ocorre por motivo legalmente amparado. Al\u00e9m disso, o per\u00edodo de f\u00e9rias s\u00f3 pode ser concedido ap\u00f3s o chamado per\u00edodo aquisitivo de 12 meses de trabalho, e a empresa tem at\u00e9 12 meses seguintes (per\u00edodo concessivo) para liberar o descanso.<\/p>\n","protected":false},"excerpt":{"rendered":"<p>Muitos trabalhadores ainda acreditam que o direito \u00e0s 30 dias de f\u00e9rias \u00e9 absoluto ap\u00f3s um ano de trabalho, mas a legisla\u00e7\u00e3o trabalhista brasileira \u2014 consolidada na Consolida\u00e7\u00e3o das Leis do Trabalho (CLT) \u2014 prev\u00ea situa\u00e7\u00f5es em que esse per\u00edodo pode ser reduzido de forma significativa. Um dos principais motivos para essa redu\u00e7\u00e3o est\u00e1 ligado [&hellip;]<\/p>\n","protected":false},"author":4,"featured_media":790,"comment_status":"open","ping_status":"open","sticky":false,"template":"","format":"standard","meta":{"jnews-multi-image_gallery":[],"jnews_single_post":{"format":"standard"},"jnews_primary_category":[],"jnews_social_meta":[],"jnews_post_split":[],"footnotes":""},"categories":[1],"tags":[],"class_list":["post-19755","post","type-post","status-publish","format-standard","has-post-thumbnail","hentry","category-uncategorized"],"_links":{"self":[{"href":"https:\/\/diariodepernambuco.audiencelabs.com.br\/wp-json\/wp\/v2\/posts\/19755","targetHints":{"allow":["GET"]}}],"collection":[{"href":"https:\/\/diariodepernambuco.audiencelabs.com.br\/wp-json\/wp\/v2\/posts"}],"about":[{"href":"https:\/\/diariodepernambuco.audiencelabs.com.br\/wp-json\/wp\/v2\/types\/post"}],"author":[{"embeddable":true,"href":"https:\/\/diariodepernambuco.audiencelabs.com.br\/wp-json\/wp\/v2\/users\/4"}],"replies":[{"embeddable":true,"href":"https:\/\/diariodepernambuco.audiencelabs.com.br\/wp-json\/wp\/v2\/comments?post=19755"}],"version-history":[{"count":2,"href":"https:\/\/diariodepernambuco.audiencelabs.com.br\/wp-json\/wp\/v2\/posts\/19755\/revisions"}],"predecessor-version":[{"id":19757,"href":"https:\/\/diariodepernambuco.audiencelabs.com.br\/wp-json\/wp\/v2\/posts\/19755\/revisions\/19757"}],"wp:featuredmedia":[{"embeddable":true,"href":"https:\/\/diariodepernambuco.audiencelabs.com.br\/wp-json\/wp\/v2\/media\/790"}],"wp:attachment":[{"href":"https:\/\/diariodepernambuco.audiencelabs.com.br\/wp-json\/wp\/v2\/media?parent=19755"}],"wp:term":[{"taxonomy":"category","embeddable":true,"href":"https:\/\/diariodepernambuco.audiencelabs.com.br\/wp-json\/wp\/v2\/categories?post=19755"},{"taxonomy":"post_tag","embeddable":true,"href":"https:\/\/diariodepernambuco.audiencelabs.com.br\/wp-json\/wp\/v2\/tags?post=19755"}],"curies":[{"name":"wp","href":"https:\/\/api.w.org\/{rel}","templated":true}]}}