{"id":19893,"date":"2026-03-04T11:30:00","date_gmt":"2026-03-04T14:30:00","guid":{"rendered":"https:\/\/diariodepernambuco.audiencelabs.com.br\/?p=19893"},"modified":"2026-03-04T12:17:07","modified_gmt":"2026-03-04T15:17:07","slug":"fim-do-iptu-foi-confirmado-em-5-estados-e-brasileiros-estao-livres-de-pagar-se-estiverem-nessas-condicoes","status":"publish","type":"post","link":"https:\/\/diariodepernambuco.audiencelabs.com.br\/fim-do-iptu-foi-confirmado-em-5-estados-e-brasileiros-estao-livres-de-pagar-se-estiverem-nessas-condicoes\/","title":{"rendered":"Fim do IPTU foi confirmado em 5 estados e brasileiros est\u00e3o livres de pagar se estiverem nessas condi\u00e7\u00f5es"},"content":{"rendered":"\n<p>No in\u00edcio de 2026, o Imposto Predial e Territorial Urbano (IPTU) trouxe uma novidade para muitos contribuintes. Cinco capitais brasileiras confirmaram isen\u00e7\u00e3o total ou parcial para pessoas com mais de 60 anos que possuem um \u00fanico im\u00f3vel residencial e atendem aos crit\u00e9rios exigidos.<\/p>\n\n\n\n<p>A medida representa um al\u00edvio significativo no or\u00e7amento de idosos que vivem de renda fixa, como aposentadorias ou pens\u00f5es, ao diminuir uma das despesas que tradicionalmente pesam em come\u00e7o de ano. Em S\u00e3o Paulo, por exemplo, a isen\u00e7\u00e3o \u00e9 total para quem recebe at\u00e9 tr\u00eas sal\u00e1rios m\u00ednimos e parcial para rendas de tr\u00eas a cinco sal\u00e1rios.<\/p>\n\n\n\n<p>Outras capitais tamb\u00e9m definiram regras pr\u00f3prias: no Rio de Janeiro, o benef\u00edcio se aplica a im\u00f3veis cujo valor venal esteja abaixo de determinados tetos; em Bras\u00edlia (DF), al\u00e9m da idade m\u00ednima de 60 anos, \u00e9 exigido limite de renda familiar e \u00e1rea constru\u00edda; j\u00e1 em Curitiba e Belo Horizonte h\u00e1 combina\u00e7\u00f5es de isen\u00e7\u00e3o autom\u00e1tica e crit\u00e9rios de solicita\u00e7\u00e3o que variam conforme renda.<\/p>\n\n\n\n<p>\u00c9 importante destacar que a isen\u00e7\u00e3o n\u00e3o \u00e9 autom\u00e1tica em todas as cidades \u2014 em muitos casos, o interessado precisa apresentar documentos e solicitar formalmente o benef\u00edcio junto \u00e0 Secretaria da Fazenda municipal, comprovando propriedade, renda e uso residencial do im\u00f3vel.<\/p>\n\n\n<style>@media (min-width: 992px) {\n    .recomendadorV2Area1 {\n        width: 280px;\n    }\n    .recomendadorV2Area2 {\n        padding: 0px 20px;\n        width: calc(100% - 280px);\n    }\n}\n\n@media (max-width: 992px) {\n    .recomendadorV2Button {\n        margin: 0 auto;\n    }\n    .recomendadorV2Area {\n        flex-direction: column;\n        text-align: center;\n    }\n    .recomendadorV2Area2 {\n        padding: 0px 20px;\n    }\n}\n\n.recomendadorV2Area {\n    background: #eeeeee3d;\n    border-radius: 10px;\n    padding: 15px;\n    display: flex;\n    margin: 15px auto;\n    border: 1px solid #00000014;\n    max-width: 800px;\n}\n\n.recomendadorV2Area1 img {\n    width: 280px;\n    height: auto;\n    border-radius: 8px;\n}\n\n.linkrecomendadorv2 {\n    text-decoration: none !important;\n}\n\n.recomendadorV2Area2 .recomendadorV2Type {\n    text-transform: uppercase;\n    font-weight: 500;\n    font-size: 11px;\n    letter-spacing: 2px;\n    color: #666;\n    margin: 12px 0;\n    display: block;\n}\n\n.recomendadorV2Title h2 {\n    padding-top: 0px !important;\n    margin: 0px !important;\n    border-left: none !important;\n    padding-left: 0px !important;\n    line-height: 1.3;\n    color: #000 !important;\n    font-size: 24px;\n    margin-bottom: 12px !important;\n}\n\n.recomendadorV2Desc {\n    color: #333;\n    margin: 12px 0px !important;\n    font-size: 15px;\n    line-height: 1.5;\n}\n\n.recomendadorV2Button {\n    width: auto;\n    max-width: 200px;\n    margin: 0;\n    display: inline-flex;\n    align-items: center;\n    background: #1D3557;\n    border-radius: 8px;\n    color: #fff;\n    height: 36px;\n    justify-content: center;\n    text-align: center;\n    font-size: 14px;\n    padding: 0 20px;\n    transition: background-color 0.2s ease;\n}\n\n.recomendadorV2Button:hover {\n    background: #2a4d7a;\n}\n\n.recomendadorV2Button:after {\n    margin-top: -2px;\n    content: \"\u2192\";\n    padding: 0px 0px 0px 8px;\n}\n\n.recomendadorV2Alert {\n    text-align: left;\n    font-size: 11px;\n    margin-top: 8px;\n    color: #666;\n}\n\n.recomendadorFixedArea {\n    width: 100%;\n    display: flex;\n    justify-content: center;\n    align-items: center;\n}\n\n@media (min-width: 992px) {\n    #recomendadorFixed {\n        width: 32% !important;\n        left: 5%;\n    }\n    .recomendadorCloseFixed{\n        right: inherit !important;\n        left: 378px !important;\n    }\n}\n\n#recomendadorFixed {\n    width: 90%;\n    box-shadow: 0 10px 20px 0px #00000057;\n    display: none;\n    height: 90px;\n    background: #F6F6F6;\n    position: fixed;\n    flex-direction: row;\n    bottom: 10px;\n    z-index: 9999;\n    border-radius: 16px;\n    padding: 7px 10px;\n}\n\n.recomendadorLeftArea {\n    width: 160px;\n}\n\n.recomendadorRightArea h2 {\n    padding-top: 0px;\n    margin: 2px 0px 4px 0px !important;\n    font-weight: 400;\n    text-align: center;\n    padding-left: 0px !important;\n    color: #000 !important;\n    border-left: none !important;\n    line-height: 20px;\n    font-size: 12px !important;\n}\n\n.recomendadorImgFixed {\n    overflow: hidden;\n    padding: 8px 6px;\n    height: 100%;\n}\n\n.recomendadorImgFixed img {\n    height: 100% !important;\n    border-radius: 16px;\n}\n\n.recomendadorRightArea {\n    padding-top: 6px;\n    display: flex;\n    width: calc(100% - 130px);\n    justify-content: space-between;\n    align-items: center;\n    flex-direction: column;\n}\n\n.recomendadorButtonFixed {\n    margin: 0 auto;\n    background: #1D3557;\n    width: 80%;\n    text-align: center;\n    font-size: 10px;\n    color: #FFF;\n    padding: 2px 10px;\n    border-radius: 3px;\n}\n\n.recomendadorButtonFixed:after {\n    margin-top: -3px;\n    content: \"\u2192\";\n    padding: 0px 0px 0px 10px;\n}\n\n.recomendadorAlertFixed {\n    font-weight: 400;\n    text-align: center;\n    color: #484848;\n    font-size: 8px;\n}\n\n.recomendadorCloseFixed {\n    z-index: 99999;\n    display: none;\n    right: 0px;\n    left: inherit;\n    bottom: 99px;\n    position: fixed;\n    justify-content: center;\n    background: #F6F6F6;\n    width: 25px;\n    align-items: center;\n    height: 25px;\n    font-weight: 800;\n    border-radius: 50%;\n    border: 1px solid #EBEBEB;\n}\n\n.recomendadorV2Desc{\n    color: #000000;\n    margin: 20px 0px;\n}\n\n@media (max-width: 576px) {\n    .recomendadorV2Area {\n      padding: 10px;\n      max-width: 100%;\n    }\n  \n    .recomendadorV2Area1 img {\n      width: 100%;\n      border-radius: 6px;\n    }\n  \n    .recomendadorV2Area2 .recomendadorV2Type {\n      font-size: 9px;\n      letter-spacing: 1px;\n      margin: 8px 0;\n    }\n  \n    .recomendadorV2Title h2 {\n      font-size: 18px !important;\n      margin-bottom: 8px !important;\n      line-height: 1.2;\n    }\n  \n    .recomendadorV2Desc {\n      font-size: 14px;\n      margin: 8px 0 !important;\n      line-height: 1.4;\n    }\n  \n    .recomendadorV2Button {\n      font-size: 12px;\n      height: 30px;\n      padding: 0 12px;\n      max-width: 160px;\n    }\n  \n    .recomendadorV2Button:after {\n      padding-left: 6px;\n    }\n  }\n  <\/style>\n        <div class=\"lazyblock-recomendador-v2-2jDGz wp-block-lazyblock-recomendador-v2\">\n        <a class=\"linkrecomendadorv2\" href=\"https:\/\/diariodepernambuco.com.br\/dpmais\/regras-de-heranca-devem-ser-alteradas-e-voce-pode-perder-tudo-que-tem-direito\/?utm_source=lazy\" target=\"_blank\" rel=\"noopener\">\n            <div class=\"recomendadorV2Area\">\n            <div class=\"recomendadorV2Area1\">\n                <div class=\"recomendadorV2Img\">\n                <img class=\"lazyloaded\" decoding=\"async\" src=\"https:\/\/diariodepernambuco.com.br\/dpmais\/wp-content\/uploads\/2026\/03\/54599-1140x570.jpg\" data-src=\"https:\/\/diariodepernambuco.com.br\/dpmais\/wp-content\/uploads\/2026\/03\/54599-1140x570.jpg\" alt=\"\">\n                <\/div>\n            <\/div>\n            <div class=\"recomendadorV2Area2\">\n                <div class=\"recomendadorV2Type\">\n                    <span>Heran\u00e7a Mudan\u00e7a<\/span>\n                <\/div>\n                <div class=\"recomendadorV2Title\">\n                <h2><span>Novas regras \u2696\ufe0f<\/span><\/h2>\n                <\/div>\n                <div class=\"recomendadorV2Desc\">\n                <span>Altera\u00e7\u00f5es podem afetar seus direitos<\/span>\n                <\/div>\n                <div class=\"recomendadorV2Button\">Entender<\/div>\n                <div class=\"recomendadorV2Alert\"><\/div>\n            <\/div>\n            <\/div>\n        <\/a>\n        <div>\n            <div style=\"z-index:99999;\" id=\"buttonClose\" onclick=\"closeRecomendadorFixed()\">\n            <div class=\"recomendadorCloseFixed\">X<\/div>\n            <\/div>\n            <a href=\"https:\/\/diariodepernambuco.com.br\/dpmais\/regras-de-heranca-devem-ser-alteradas-e-voce-pode-perder-tudo-que-tem-direito\/?utm_source=lazy\" target=\"_blank\" rel=\"noopener\">\n            <div class=\"recomendadorFixedArea\">\n                <div id=\"recomendadorFixed\">\n                <div class=\"recomendadorLeftArea\">\n                    <div class=\"recomendadorImgFixed\">\n                    <img class=\"lazyload\" decoding=\"async\" src=\"https:\/\/diariodepernambuco.com.br\/dpmais\/wp-content\/uploads\/2026\/03\/54599-1140x570.jpg\" alt=\"\">\n                    <\/div>\n                <\/div>\n                <div class=\"recomendadorRightArea\">\n                    <div class=\"recomendadorTitleFixed\">\n                    <h2><span>Novas regras \u2696\ufe0f<\/span><\/h2>\n                    <\/div>\n                    <div class=\"recomendadorButtonFixed\">Entender<\/div>\n                    <div class=\"recomendadorAlertFixed\"><\/div>\n                <\/div>\n                <\/div>\n            <\/div>\n            <\/a>\n        <\/div>\n        <\/div>\n\n\n\n<h2 class=\"wp-block-heading\">Quem tem direito precisa ficar atento \u00e0s regras de cada munic\u00edpio<\/h2>\n\n\n\n<p>Apesar do benef\u00edcio j\u00e1 estar confirmado em cinco capitais, as regras variam conforme a cidade. Em geral, \u00e9 necess\u00e1rio ter mais de 60 anos, possuir apenas um im\u00f3vel residencial e comprovar renda dentro do limite estabelecido pela prefeitura. O valor venal do im\u00f3vel tamb\u00e9m pode influenciar na concess\u00e3o da isen\u00e7\u00e3o.<\/p>\n\n\n\n<p>Outro ponto importante \u00e9 que, em muitos casos, o pedido n\u00e3o \u00e9 autom\u00e1tico. O contribuinte deve procurar a Secretaria da Fazenda do seu munic\u00edpio, apresentar a documenta\u00e7\u00e3o exigida e solicitar formalmente o benef\u00edcio para garantir a dispensa do pagamento do imposto.<\/p>\n","protected":false},"excerpt":{"rendered":"<p>No in\u00edcio de 2026, o Imposto Predial e Territorial Urbano (IPTU) trouxe uma novidade para muitos contribuintes. Cinco capitais brasileiras confirmaram isen\u00e7\u00e3o total ou parcial para pessoas com mais de 60 anos que possuem um \u00fanico im\u00f3vel residencial e atendem aos crit\u00e9rios exigidos. A medida representa um al\u00edvio significativo no or\u00e7amento de idosos que vivem [&hellip;]<\/p>\n","protected":false},"author":4,"featured_media":6794,"comment_status":"open","ping_status":"open","sticky":false,"template":"","format":"standard","meta":{"jnews-multi-image_gallery":[],"jnews_single_post":{"format":"standard"},"jnews_primary_category":[],"jnews_social_meta":[],"jnews_post_split":[],"footnotes":""},"categories":[1],"tags":[],"class_list":["post-19893","post","type-post","status-publish","format-standard","has-post-thumbnail","hentry","category-uncategorized"],"_links":{"self":[{"href":"https:\/\/diariodepernambuco.audiencelabs.com.br\/wp-json\/wp\/v2\/posts\/19893","targetHints":{"allow":["GET"]}}],"collection":[{"href":"https:\/\/diariodepernambuco.audiencelabs.com.br\/wp-json\/wp\/v2\/posts"}],"about":[{"href":"https:\/\/diariodepernambuco.audiencelabs.com.br\/wp-json\/wp\/v2\/types\/post"}],"author":[{"embeddable":true,"href":"https:\/\/diariodepernambuco.audiencelabs.com.br\/wp-json\/wp\/v2\/users\/4"}],"replies":[{"embeddable":true,"href":"https:\/\/diariodepernambuco.audiencelabs.com.br\/wp-json\/wp\/v2\/comments?post=19893"}],"version-history":[{"count":3,"href":"https:\/\/diariodepernambuco.audiencelabs.com.br\/wp-json\/wp\/v2\/posts\/19893\/revisions"}],"predecessor-version":[{"id":19917,"href":"https:\/\/diariodepernambuco.audiencelabs.com.br\/wp-json\/wp\/v2\/posts\/19893\/revisions\/19917"}],"wp:featuredmedia":[{"embeddable":true,"href":"https:\/\/diariodepernambuco.audiencelabs.com.br\/wp-json\/wp\/v2\/media\/6794"}],"wp:attachment":[{"href":"https:\/\/diariodepernambuco.audiencelabs.com.br\/wp-json\/wp\/v2\/media?parent=19893"}],"wp:term":[{"taxonomy":"category","embeddable":true,"href":"https:\/\/diariodepernambuco.audiencelabs.com.br\/wp-json\/wp\/v2\/categories?post=19893"},{"taxonomy":"post_tag","embeddable":true,"href":"https:\/\/diariodepernambuco.audiencelabs.com.br\/wp-json\/wp\/v2\/tags?post=19893"}],"curies":[{"name":"wp","href":"https:\/\/api.w.org\/{rel}","templated":true}]}}